{"id":10091,"date":"2025-12-14T13:42:03","date_gmt":"2025-12-14T12:42:03","guid":{"rendered":"https:\/\/eva.sundstrom.st\/?p=10091"},"modified":"2025-12-14T13:42:03","modified_gmt":"2025-12-14T12:42:03","slug":"tredje-advent","status":"publish","type":"post","link":"https:\/\/eva.sundstrom.st\/?p=10091","title":{"rendered":"Tredje advent!"},"content":{"rendered":"<p>L\u00e5ngt mellan inl\u00e4ggen h\u00e4r. Det blir bara inte av fast jag ofta t\u00e4nker. Kanske t\u00e4nker f\u00f6r mycket! Har handarbetat en hel del under h\u00f6sten men \u00e4r inte als lika snabb med att ta bilder som f\u00f6rr. Just i dag kommer \u00e4nd\u00e5 en liten uppdatering.<\/p>\n<p>Utanf\u00f6r f\u00f6nstret kan man inte tro att det \u00e4r tredje advent.<\/p>\n\n\n<figure class=\"wp-block-image\"><img loading=\"lazy\" decoding=\"async\" width=\"474\" height=\"413\" src=\"https:\/\/eva.sundstrom.st\/wp-content\/upload\/IMG_4289.jpeg\" alt=\"\" class=\"wp-image-10093\" srcset=\"https:\/\/eva.sundstrom.st\/wp-content\/upload\/IMG_4289.jpeg 474w, https:\/\/eva.sundstrom.st\/wp-content\/upload\/IMG_4289-300x261.jpeg 300w\" sizes=\"auto, (max-width: 474px) 100vw, 474px\" \/><\/figure>\n\n\n<p>P\u00e5 fb har J\u00e4rbo och Maja en Julvante som mysteriestickning \u00e4ven i \u00e5r. Just i \u00e5r blev jag s\u00e5 sugen och h\u00e4ngde p\u00e5. Inte s\u00e5 snabb och inte ens klar med f\u00f6rsta delen \u00e4nnu, men \u00e4nd\u00e5 p\u00e5 G.<\/p>\n\n\n<figure class=\"wp-block-image\"><img loading=\"lazy\" decoding=\"async\" width=\"365\" height=\"413\" src=\"https:\/\/eva.sundstrom.st\/wp-content\/upload\/IMG_4288.jpeg\" alt=\"\" class=\"wp-image-10092\" srcset=\"https:\/\/eva.sundstrom.st\/wp-content\/upload\/IMG_4288.jpeg 365w, https:\/\/eva.sundstrom.st\/wp-content\/upload\/IMG_4288-265x300.jpeg 265w\" sizes=\"auto, (max-width: 365px) 100vw, 365px\" \/><\/figure>\n\n\nDet blir klart n\u00e4r det blir. Trevlig helg p\u00e5 er!\n","protected":false},"excerpt":{"rendered":"<p>L\u00e5ngt mellan inl\u00e4ggen h\u00e4r. Det blir bara inte av fast jag ofta t\u00e4nker. Kanske t\u00e4nker f\u00f6r mycket! Har handarbetat en hel del under h\u00f6sten men \u00e4r inte als lika snabb med att ta bilder som f\u00f6rr. Just i dag kommer \u00e4nd\u00e5 en liten uppdatering. Utanf\u00f6r f\u00f6nstret kan man inte tro att det \u00e4r tredje advent. [&hellip;]<\/p>\n","protected":false},"author":1,"featured_media":0,"comment_status":"open","ping_status":"open","sticky":false,"template":"","format":"standard","meta":{"footnotes":""},"categories":[1],"tags":[],"class_list":["post-10091","post","type-post","status-publish","format-standard","hentry","category-uncategorized"],"_links":{"self":[{"href":"https:\/\/eva.sundstrom.st\/index.php?rest_route=\/wp\/v2\/posts\/10091","targetHints":{"allow":["GET"]}}],"collection":[{"href":"https:\/\/eva.sundstrom.st\/index.php?rest_route=\/wp\/v2\/posts"}],"about":[{"href":"https:\/\/eva.sundstrom.st\/index.php?rest_route=\/wp\/v2\/types\/post"}],"author":[{"embeddable":true,"href":"https:\/\/eva.sundstrom.st\/index.php?rest_route=\/wp\/v2\/users\/1"}],"replies":[{"embeddable":true,"href":"https:\/\/eva.sundstrom.st\/index.php?rest_route=%2Fwp%2Fv2%2Fcomments&post=10091"}],"version-history":[{"count":1,"href":"https:\/\/eva.sundstrom.st\/index.php?rest_route=\/wp\/v2\/posts\/10091\/revisions"}],"predecessor-version":[{"id":10094,"href":"https:\/\/eva.sundstrom.st\/index.php?rest_route=\/wp\/v2\/posts\/10091\/revisions\/10094"}],"wp:attachment":[{"href":"https:\/\/eva.sundstrom.st\/index.php?rest_route=%2Fwp%2Fv2%2Fmedia&parent=10091"}],"wp:term":[{"taxonomy":"category","embeddable":true,"href":"https:\/\/eva.sundstrom.st\/index.php?rest_route=%2Fwp%2Fv2%2Fcategories&post=10091"},{"taxonomy":"post_tag","embeddable":true,"href":"https:\/\/eva.sundstrom.st\/index.php?rest_route=%2Fwp%2Fv2%2Ftags&post=10091"}],"curies":[{"name":"wp","href":"https:\/\/api.w.org\/{rel}","templated":true}]}}