{"id":101,"date":"2007-07-08T15:18:25","date_gmt":"2007-07-08T14:18:25","guid":{"rendered":"http:\/\/www.eva.sundstrom.st\/?p=101"},"modified":"2007-07-08T15:23:22","modified_gmt":"2007-07-08T14:23:22","slug":"sniglar","status":"publish","type":"post","link":"https:\/\/eva.sundstrom.st\/?p=101","title":{"rendered":"Sniglar"},"content":{"rendered":"<p><a href='http:\/\/www.eva.sundstrom.st\/wp-content\/upload\/dsc00378.jpg' title='dsc00378.jpg'><img src='http:\/\/www.eva.sundstrom.st\/wp-content\/upload\/dsc00378.tumnagel.jpg' alt='dsc00378.jpg' \/><\/a> S\u00e5nna ot\u00e4cka kryp. Jag skyller dom f\u00f6r att ha \u00e4tit upp mina sm\u00e5 plantor av rosensk\u00e4ra.  En pytteliten rad med ringblommor \u00e4r ocks\u00e5 helt borta.  TR\u00c5KIGT.<br \/>\nS\u00e5 bl\u00f6tt som det \u00e4r nu \u00f6verallt s\u00e5 frodas v\u00e4ll krypen.<\/p>\n<p>S\u00e5 h\u00e4r p\u00e5 sommaren brukar vi ha en inneboende. Sampa \u00e4r alltid  lika v\u00e4lkommen ,till skillnad fr\u00e5n sniglarna. <\/p>\n<p><a href='http:\/\/www.eva.sundstrom.st\/wp-content\/upload\/dsc00367.jpg' title='dsc00367.jpg'><img src='http:\/\/www.eva.sundstrom.st\/wp-content\/upload\/dsc00367.tumnagel.jpg' alt='dsc00367.jpg' \/><\/a>  N\u00e4r husse o matte \u00e4r ute och reser s\u00e5 f\u00e5r han lov att samsas h\u00e4r<br \/>\nmed v\u00e5r katt Mysan <a href='http:\/\/www.eva.sundstrom.st\/wp-content\/upload\/dsc00032.jpg' title='dsc00032.jpg'><img src='http:\/\/www.eva.sundstrom.st\/wp-content\/upload\/dsc00032.tumnagel.jpg' alt='dsc00032.jpg' \/><\/a> Hon har v\u00e4ldigt stor integritet och sl\u00e4pper inte vem som helst in p\u00e5 livet. Dom kan h\u00e4lsa p\u00e5 varandra men mest ser det ut somom b\u00e5da resonerar som s\u00e5.             G\u00e5 du d\u00e4r,  s\u00e5 g\u00e5r jag h\u00e4r.<\/p>\n<p>Sampa, och f\u00f6ralldel jag ocks\u00e5, beh\u00f6ver komma ut p\u00e5 promenader. Utefter en av rundorna som vi brukar g\u00e5 finns dessa vackra fingerborgsblommor.<br \/>\n<a href='http:\/\/www.eva.sundstrom.st\/wp-content\/upload\/dsc00370.jpg' title='dsc00370.jpg'><img src='http:\/\/www.eva.sundstrom.st\/wp-content\/upload\/dsc00370.tumnagel.jpg' alt='dsc00370.jpg' \/><\/a> <a href='http:\/\/www.eva.sundstrom.st\/wp-content\/upload\/dsc00369.jpg' title='dsc00369.jpg'><img src='http:\/\/www.eva.sundstrom.st\/wp-content\/upload\/dsc00369.tumnagel.jpg' alt='dsc00369.jpg' \/><\/a> <a href='http:\/\/www.eva.sundstrom.st\/wp-content\/upload\/dsc00368.jpg' title='dsc00368.jpg'><img src='http:\/\/www.eva.sundstrom.st\/wp-content\/upload\/dsc00368.tumnagel.jpg' alt='dsc00368.jpg' \/><\/a> <\/p>\n<p>S\u00e5 stora och st\u00e5tliga d\u00e4r i skogen.<\/p>\n<p>Det h\u00f6ll faktiskt upp en liten stund h\u00e4r f\u00f6rut i dag och d\u00e5 passade jag p\u00e5 att plantera v\u00e4xterna jag k\u00f6pte i Askersund. <a href='http:\/\/www.eva.sundstrom.st\/wp-content\/upload\/dsc00381.jpg' title='dsc00381.jpg'><img src='http:\/\/www.eva.sundstrom.st\/wp-content\/upload\/dsc00381.tumnagel.jpg' alt='dsc00381.jpg' \/><\/a><br \/>\nGreps av ha-beg\u00e4r d\u00e4r i Kalles tr\u00e4dg\u00e5rd och k\u00f6pte tv\u00e5 perenner ocks\u00e5. Visste jag var dom skulle s\u00e4ttas? Neej s\u00e5 klart inte.  Dom f\u00e5r husera i kanten p\u00e5 jordgubbslandet s\u00e5 l\u00e4nge.<br \/>\n<a href='http:\/\/www.eva.sundstrom.st\/wp-content\/upload\/dsc00384.jpg' title='dsc00384.jpg'><img src='http:\/\/www.eva.sundstrom.st\/wp-content\/upload\/dsc00384.tumnagel.jpg' alt='dsc00384.jpg' \/><\/a> <a href='http:\/\/www.eva.sundstrom.st\/wp-content\/upload\/dsc00382.jpg' title='dsc00382.jpg'><img src='http:\/\/www.eva.sundstrom.st\/wp-content\/upload\/dsc00382.tumnagel.jpg' alt='dsc00382.jpg' \/><\/a><\/p>\n<p>Det skira H\u00f6st\u00f6gat till v\u00e4nster syns knappt mot gr\u00e4set nu. Hoppas dock att det ska blomma rikligt hela h\u00f6sten och lysa med sina gula blommor. N\u00e5got att gl\u00e4djas \u00e5t n\u00e4r blicken s\u00f6ker sig ut genom k\u00f6ksf\u00f6nstret.<br \/>\nTill h\u00f6ger sitter Trebladspiran. Det s\u00e4gs att den v\u00e4xer l\u00e5ngsamt och f\u00e5r fin f\u00e4rg p\u00e5 h\u00f6sten.<\/p>\n<p>I v\u00e4xthusets h\u00e4gn, i skydd f\u00f6r regn och v\u00e4ta , har jag en lilja st\u00e5ende. Fick den, av en kolega, som fr\u00f6s\u00e5dd planta f\u00f6r s\u00e4kert tre sommrar sedan.<br \/>\nF\u00f6rra \u00e5ret var jag n\u00e4ra att ge upp men se. Den som v\u00e4ntar&#8230;&#8230;. I \u00e5r \u00e4r det knoppar p\u00e5 den<br \/>\n<a href='http:\/\/www.eva.sundstrom.st\/wp-content\/upload\/dsc00376.jpg' title='dsc00376.jpg'><img src='http:\/\/www.eva.sundstrom.st\/wp-content\/upload\/dsc00376.tumnagel.jpg' alt='dsc00376.jpg' \/><\/a><\/p>\n<p>\u00c5terkommer n\u00e4r den slagit ut.<br \/>\nM\u00e5  gott<\/p>\n","protected":false},"excerpt":{"rendered":"<p>S\u00e5nna ot\u00e4cka kryp. Jag skyller dom f\u00f6r att ha \u00e4tit upp mina sm\u00e5 plantor av rosensk\u00e4ra. En pytteliten rad med ringblommor \u00e4r ocks\u00e5 helt borta. TR\u00c5KIGT. S\u00e5 bl\u00f6tt som det \u00e4r nu \u00f6verallt s\u00e5 frodas v\u00e4ll krypen. S\u00e5 h\u00e4r p\u00e5 sommaren brukar vi ha en inneboende. Sampa \u00e4r alltid lika v\u00e4lkommen ,till skillnad fr\u00e5n sniglarna. [&hellip;]<\/p>\n","protected":false},"author":1,"featured_media":0,"comment_status":"open","ping_status":"open","sticky":false,"template":"","format":"standard","meta":{"footnotes":""},"categories":[1],"tags":[],"class_list":["post-101","post","type-post","status-publish","format-standard","hentry","category-uncategorized"],"_links":{"self":[{"href":"https:\/\/eva.sundstrom.st\/index.php?rest_route=\/wp\/v2\/posts\/101","targetHints":{"allow":["GET"]}}],"collection":[{"href":"https:\/\/eva.sundstrom.st\/index.php?rest_route=\/wp\/v2\/posts"}],"about":[{"href":"https:\/\/eva.sundstrom.st\/index.php?rest_route=\/wp\/v2\/types\/post"}],"author":[{"embeddable":true,"href":"https:\/\/eva.sundstrom.st\/index.php?rest_route=\/wp\/v2\/users\/1"}],"replies":[{"embeddable":true,"href":"https:\/\/eva.sundstrom.st\/index.php?rest_route=%2Fwp%2Fv2%2Fcomments&post=101"}],"version-history":[{"count":0,"href":"https:\/\/eva.sundstrom.st\/index.php?rest_route=\/wp\/v2\/posts\/101\/revisions"}],"wp:attachment":[{"href":"https:\/\/eva.sundstrom.st\/index.php?rest_route=%2Fwp%2Fv2%2Fmedia&parent=101"}],"wp:term":[{"taxonomy":"category","embeddable":true,"href":"https:\/\/eva.sundstrom.st\/index.php?rest_route=%2Fwp%2Fv2%2Fcategories&post=101"},{"taxonomy":"post_tag","embeddable":true,"href":"https:\/\/eva.sundstrom.st\/index.php?rest_route=%2Fwp%2Fv2%2Ftags&post=101"}],"curies":[{"name":"wp","href":"https:\/\/api.w.org\/{rel}","templated":true}]}}