{"id":10298,"date":"2026-09-02T14:20:28","date_gmt":"2026-09-02T13:20:28","guid":{"rendered":"https:\/\/eva.sundstrom.st\/?p=10298"},"modified":"2026-09-02T14:20:28","modified_gmt":"2026-09-02T13:20:28","slug":"skaga-stavkyrka","status":"publish","type":"post","link":"https:\/\/eva.sundstrom.st\/?p=10298","title":{"rendered":"Skaga stavkyrka."},"content":{"rendered":"<p>Det var s\u00f6ndag och vi k\u00e4nde f\u00f6r en liten utflykt.<br \/>\nHade sett notiser om marknad vid Skagag\u00e5rden. K\u00e4ndes intressant att se den plattsen igen. F\u00f6r m\u00e5nga \u00e5r sedan var vi dit med en grupp fr\u00e5n kyrkan. Det var p\u00e5 den tiden vi h\u00f6rde till Skara stift.<br \/>\nNu blev det inga bilder fr\u00e5n marknaden. Tyckte inte det var s\u00e5 mycket att visa upp \u00e4ven om vi k\u00f6pte med lite sm\u00e5tt och gott. <\/p>\n<p>Fika gjorde vi och det smakade bra<\/p>\n\n\n<figure class=\"wp-block-image\"><img loading=\"lazy\" decoding=\"async\" width=\"550\" height=\"413\" src=\"https:\/\/eva.sundstrom.st\/wp-content\/upload\/IMG_5342.jpeg\" alt=\"\" class=\"wp-image-10299\" srcset=\"https:\/\/eva.sundstrom.st\/wp-content\/upload\/IMG_5342.jpeg 550w, https:\/\/eva.sundstrom.st\/wp-content\/upload\/IMG_5342-300x225.jpeg 300w\" sizes=\"auto, (max-width: 550px) 100vw, 550px\" \/><\/figure>\n\n\n<p>Sedan gick vi \u00f6ver f\u00f6r att kika in i den lilla kyrkan!<\/p>\n<p>F\u00f6rst kom klockstapeln<\/p>\n\n\n<figure class=\"wp-block-image\"><img loading=\"lazy\" decoding=\"async\" width=\"380\" height=\"507\" src=\"https:\/\/eva.sundstrom.st\/wp-content\/upload\/IMG_5344.jpeg\" alt=\"\" class=\"wp-image-10301\" srcset=\"https:\/\/eva.sundstrom.st\/wp-content\/upload\/IMG_5344.jpeg 380w, https:\/\/eva.sundstrom.st\/wp-content\/upload\/IMG_5344-225x300.jpeg 225w\" sizes=\"auto, (max-width: 380px) 100vw, 380px\" \/><\/figure>\n\n\n<p>Den \u00e4r inte stor denna kyrkan.<\/p>\n\n\n<figure class=\"wp-block-image\"><img loading=\"lazy\" decoding=\"async\" width=\"379\" height=\"505\" src=\"https:\/\/eva.sundstrom.st\/wp-content\/upload\/IMG_5343.jpeg\" alt=\"\" class=\"wp-image-10300\" srcset=\"https:\/\/eva.sundstrom.st\/wp-content\/upload\/IMG_5343.jpeg 379w, https:\/\/eva.sundstrom.st\/wp-content\/upload\/IMG_5343-225x300.jpeg 225w\" sizes=\"auto, (max-width: 379px) 100vw, 379px\" \/><\/figure>\n\n\n\n<figure class=\"wp-block-image\"><img loading=\"lazy\" decoding=\"async\" width=\"550\" height=\"413\" src=\"https:\/\/eva.sundstrom.st\/wp-content\/upload\/IMG_5357.jpeg\" alt=\"\" class=\"wp-image-10309\" srcset=\"https:\/\/eva.sundstrom.st\/wp-content\/upload\/IMG_5357.jpeg 550w, https:\/\/eva.sundstrom.st\/wp-content\/upload\/IMG_5357-300x225.jpeg 300w\" sizes=\"auto, (max-width: 550px) 100vw, 550px\" \/><\/figure>\n\n\n\n<figure class=\"wp-block-image\"><img loading=\"lazy\" decoding=\"async\" width=\"380\" height=\"507\" src=\"https:\/\/eva.sundstrom.st\/wp-content\/upload\/IMG_5345.jpeg\" alt=\"\" class=\"wp-image-10302\" srcset=\"https:\/\/eva.sundstrom.st\/wp-content\/upload\/IMG_5345.jpeg 380w, https:\/\/eva.sundstrom.st\/wp-content\/upload\/IMG_5345-225x300.jpeg 225w\" sizes=\"auto, (max-width: 380px) 100vw, 380px\" \/><\/figure>\n\n\n\n<figure class=\"wp-block-image\"><img loading=\"lazy\" decoding=\"async\" width=\"381\" height=\"508\" src=\"https:\/\/eva.sundstrom.st\/wp-content\/upload\/IMG_5348.jpeg\" alt=\"\" class=\"wp-image-10303\" srcset=\"https:\/\/eva.sundstrom.st\/wp-content\/upload\/IMG_5348.jpeg 381w, https:\/\/eva.sundstrom.st\/wp-content\/upload\/IMG_5348-225x300.jpeg 225w\" sizes=\"auto, (max-width: 381px) 100vw, 381px\" \/><\/figure>\n\n\n<p>Gediget altarbord av vacker sten.<\/p>\n\n\n<figure class=\"wp-block-image\"><img loading=\"lazy\" decoding=\"async\" width=\"551\" height=\"413\" src=\"https:\/\/eva.sundstrom.st\/wp-content\/upload\/IMG_5351.jpeg\" alt=\"\" class=\"wp-image-10306\" srcset=\"https:\/\/eva.sundstrom.st\/wp-content\/upload\/IMG_5351.jpeg 551w, https:\/\/eva.sundstrom.st\/wp-content\/upload\/IMG_5351-300x225.jpeg 300w\" sizes=\"auto, (max-width: 551px) 100vw, 551px\" \/><\/figure>\n\n\n<p>Urholkad stock som predikstol.<\/p>\n\n\n<figure class=\"wp-block-image\"><img loading=\"lazy\" decoding=\"async\" width=\"381\" height=\"508\" src=\"https:\/\/eva.sundstrom.st\/wp-content\/upload\/IMG_5354.jpeg\" alt=\"\" class=\"wp-image-10307\" srcset=\"https:\/\/eva.sundstrom.st\/wp-content\/upload\/IMG_5354.jpeg 381w, https:\/\/eva.sundstrom.st\/wp-content\/upload\/IMG_5354-225x300.jpeg 225w\" sizes=\"auto, (max-width: 381px) 100vw, 381px\" \/><\/figure>\n\n\n\n<figure class=\"wp-block-image\"><img loading=\"lazy\" decoding=\"async\" width=\"381\" height=\"508\" src=\"https:\/\/eva.sundstrom.st\/wp-content\/upload\/IMG_5350.jpeg\" alt=\"\" class=\"wp-image-10305\" srcset=\"https:\/\/eva.sundstrom.st\/wp-content\/upload\/IMG_5350.jpeg 381w, https:\/\/eva.sundstrom.st\/wp-content\/upload\/IMG_5350-225x300.jpeg 225w\" sizes=\"auto, (max-width: 381px) 100vw, 381px\" \/><\/figure>\n\n\n\n<figure class=\"wp-block-image\"><img loading=\"lazy\" decoding=\"async\" width=\"381\" height=\"508\" src=\"https:\/\/eva.sundstrom.st\/wp-content\/upload\/IMG_5349.jpeg\" alt=\"\" class=\"wp-image-10304\" srcset=\"https:\/\/eva.sundstrom.st\/wp-content\/upload\/IMG_5349.jpeg 381w, https:\/\/eva.sundstrom.st\/wp-content\/upload\/IMG_5349-225x300.jpeg 225w\" sizes=\"auto, (max-width: 381px) 100vw, 381px\" \/><\/figure>\n\n\nVi hade en fin utflykt och dagen blev bara b\u00e4ttre d\u00e5 en av s\u00f6nerna tittade in f\u00f6r en kopp kaffe senare p\u00e5 eftermiddagen.\n\nNu drar h\u00f6stterminen ig\u00e5ng. I morgon \u00e4r f\u00f6rsta sopplunchen och p\u00e5 kv\u00e4llen \u00e4r det f\u00f6rsamlingsr\u00e5d. \nJag forts\u00e4tter v\u00e4l sticka \u00e4nd\u00e5! Det \u00e4r ju det som ger \u00e5terh\u00e4mtning!\nHa det gott!","protected":false},"excerpt":{"rendered":"<p>Det var s\u00f6ndag och vi k\u00e4nde f\u00f6r en liten utflykt. Hade sett notiser om marknad vid Skagag\u00e5rden. K\u00e4ndes intressant att se den plattsen igen. F\u00f6r m\u00e5nga \u00e5r sedan var vi dit med en grupp fr\u00e5n kyrkan. Det var p\u00e5 den tiden vi h\u00f6rde till Skara stift. Nu blev det inga bilder fr\u00e5n marknaden. Tyckte inte [&hellip;]<\/p>\n","protected":false},"author":1,"featured_media":0,"comment_status":"open","ping_status":"open","sticky":false,"template":"","format":"standard","meta":{"footnotes":""},"categories":[9,1],"tags":[],"class_list":["post-10298","post","type-post","status-publish","format-standard","hentry","category-livet","category-uncategorized"],"_links":{"self":[{"href":"https:\/\/eva.sundstrom.st\/index.php?rest_route=\/wp\/v2\/posts\/10298","targetHints":{"allow":["GET"]}}],"collection":[{"href":"https:\/\/eva.sundstrom.st\/index.php?rest_route=\/wp\/v2\/posts"}],"about":[{"href":"https:\/\/eva.sundstrom.st\/index.php?rest_route=\/wp\/v2\/types\/post"}],"author":[{"embeddable":true,"href":"https:\/\/eva.sundstrom.st\/index.php?rest_route=\/wp\/v2\/users\/1"}],"replies":[{"embeddable":true,"href":"https:\/\/eva.sundstrom.st\/index.php?rest_route=%2Fwp%2Fv2%2Fcomments&post=10298"}],"version-history":[{"count":2,"href":"https:\/\/eva.sundstrom.st\/index.php?rest_route=\/wp\/v2\/posts\/10298\/revisions"}],"predecessor-version":[{"id":10311,"href":"https:\/\/eva.sundstrom.st\/index.php?rest_route=\/wp\/v2\/posts\/10298\/revisions\/10311"}],"wp:attachment":[{"href":"https:\/\/eva.sundstrom.st\/index.php?rest_route=%2Fwp%2Fv2%2Fmedia&parent=10298"}],"wp:term":[{"taxonomy":"category","embeddable":true,"href":"https:\/\/eva.sundstrom.st\/index.php?rest_route=%2Fwp%2Fv2%2Fcategories&post=10298"},{"taxonomy":"post_tag","embeddable":true,"href":"https:\/\/eva.sundstrom.st\/index.php?rest_route=%2Fwp%2Fv2%2Ftags&post=10298"}],"curies":[{"name":"wp","href":"https:\/\/api.w.org\/{rel}","templated":true}]}}