{"id":1039,"date":"2009-02-06T10:26:22","date_gmt":"2009-02-06T09:26:22","guid":{"rendered":"http:\/\/www.eva.sundstrom.st\/?p=1039"},"modified":"2009-02-21T10:44:33","modified_gmt":"2009-02-21T09:44:33","slug":"jag-har-blivit-utmanad","status":"publish","type":"post","link":"https:\/\/eva.sundstrom.st\/?p=1039","title":{"rendered":"Jag har blivit utmanad"},"content":{"rendered":"<p>Jag har blivit utmanad av <a href=\"http:\/\/mettasblogg.blogspot.com\/\">Metta<\/a>   <\/p>\n<p>* G\u00e5 in i mappen mina bilder (ev. Bilder f\u00f6r dem med OS X eller din egen personliga bildmapp)<br \/>\n* G\u00e5 till den sj\u00e4tte mappen (ev. den sj\u00e4tte mappen igen)<br \/>\n* V\u00e4lj d\u00e4refter den sj\u00e4tte bilden i den mappen.<br \/>\n* Visa bilden p\u00e5 bloggen och skriv n\u00e5got om den .<br \/>\n* Invitera sex stycken nya till att vara med p\u00e5 utmaningen.<br \/>\n* L\u00e4nka till dem, och l\u00e5t dem veta att de \u00e4r utmanade<\/p>\n<p><img loading=\"lazy\" decoding=\"async\" src=\"http:\/\/www.eva.sundstrom.st\/wp-content\/upload\/dsc00820-small.jpg\" alt=\"dsc00820-small\" title=\"dsc00820-small\" width=\"640\" height=\"480\" class=\"aligncenter size-full wp-image-1042\" srcset=\"https:\/\/eva.sundstrom.st\/wp-content\/upload\/dsc00820-small.jpg 640w, https:\/\/eva.sundstrom.st\/wp-content\/upload\/dsc00820-small-300x225.jpg 300w\" sizes=\"auto, (max-width: 640px) 100vw, 640px\" \/><\/p>\n<p>Den h\u00e4r bilden \u00e4r fr\u00e5n sommaren 2007. Tycker inte den beh\u00f6ver n\u00e5gon n\u00e4rmare f\u00f6rklaring.  Den talar sitt tydliga spr\u00e5k. Att vara eller inte vara eller att \u00e4ta eller \u00e4tas.<\/p>\n<p>Jag utmanar<br \/>\n<a href=\"http:\/\/asas.tradgardsblogg.se\/\">\u00c5sa Tr\u00e4dg\u00e5rd<\/a><br \/>\n<a href=\"http:\/\/alnerud.tradgardsblogg.se\/\">Birgitta<\/a><br \/>\n<a href=\"http:\/\/ingerf.blogspot.com\/\">Inger F<\/a><br \/>\n<a href=\"http:\/\/susilull.blogspot.com\/\">Susilull<\/a><br \/>\n<a href=\"http:\/\/www.kito.se\/majsan\">Majsan<\/a><br \/>\n<a href=\"http:\/\/camillak.tradgardsblogg.se\/\">Camilla<\/a><\/p>\n<p>M\u00e5 s\u00e5 gott<\/p>\n","protected":false},"excerpt":{"rendered":"<p>Jag har blivit utmanad av Metta * G\u00e5 in i mappen mina bilder (ev. Bilder f\u00f6r dem med OS X eller din egen personliga bildmapp) * G\u00e5 till den sj\u00e4tte mappen (ev. den sj\u00e4tte mappen igen) * V\u00e4lj d\u00e4refter den sj\u00e4tte bilden i den mappen. * Visa bilden p\u00e5 bloggen och skriv n\u00e5got om den [&hellip;]<\/p>\n","protected":false},"author":1,"featured_media":0,"comment_status":"open","ping_status":"open","sticky":false,"template":"","format":"standard","meta":{"footnotes":""},"categories":[6],"tags":[],"class_list":["post-1039","post","type-post","status-publish","format-standard","hentry","category-utmanig"],"_links":{"self":[{"href":"https:\/\/eva.sundstrom.st\/index.php?rest_route=\/wp\/v2\/posts\/1039","targetHints":{"allow":["GET"]}}],"collection":[{"href":"https:\/\/eva.sundstrom.st\/index.php?rest_route=\/wp\/v2\/posts"}],"about":[{"href":"https:\/\/eva.sundstrom.st\/index.php?rest_route=\/wp\/v2\/types\/post"}],"author":[{"embeddable":true,"href":"https:\/\/eva.sundstrom.st\/index.php?rest_route=\/wp\/v2\/users\/1"}],"replies":[{"embeddable":true,"href":"https:\/\/eva.sundstrom.st\/index.php?rest_route=%2Fwp%2Fv2%2Fcomments&post=1039"}],"version-history":[{"count":9,"href":"https:\/\/eva.sundstrom.st\/index.php?rest_route=\/wp\/v2\/posts\/1039\/revisions"}],"predecessor-version":[{"id":1075,"href":"https:\/\/eva.sundstrom.st\/index.php?rest_route=\/wp\/v2\/posts\/1039\/revisions\/1075"}],"wp:attachment":[{"href":"https:\/\/eva.sundstrom.st\/index.php?rest_route=%2Fwp%2Fv2%2Fmedia&parent=1039"}],"wp:term":[{"taxonomy":"category","embeddable":true,"href":"https:\/\/eva.sundstrom.st\/index.php?rest_route=%2Fwp%2Fv2%2Fcategories&post=1039"},{"taxonomy":"post_tag","embeddable":true,"href":"https:\/\/eva.sundstrom.st\/index.php?rest_route=%2Fwp%2Fv2%2Ftags&post=1039"}],"curies":[{"name":"wp","href":"https:\/\/api.w.org\/{rel}","templated":true}]}}