{"id":1099,"date":"2009-02-27T19:27:42","date_gmt":"2009-02-27T18:27:42","guid":{"rendered":"http:\/\/www.eva.sundstrom.st\/?p=1099"},"modified":"2009-02-27T19:27:42","modified_gmt":"2009-02-27T18:27:42","slug":"blandad-kompott","status":"publish","type":"post","link":"https:\/\/eva.sundstrom.st\/?p=1099","title":{"rendered":"Blandad kompott"},"content":{"rendered":"<p>F\u00f6rst ett f\u00e5ng sp\u00e4nstiga tulpaner som lockar fram v\u00e5rk\u00e4nslorna.<br \/>\nTrotts att det sn\u00f6rar ute.<\/p>\n<p><img loading=\"lazy\" decoding=\"async\" src=\"http:\/\/www.eva.sundstrom.st\/wp-content\/upload\/dsc04081.jpg\" alt=\"dsc04081\" title=\"dsc04081\" width=\"461\" height=\"346\" class=\"aligncenter size-full wp-image-1100\" srcset=\"https:\/\/eva.sundstrom.st\/wp-content\/upload\/dsc04081.jpg 461w, https:\/\/eva.sundstrom.st\/wp-content\/upload\/dsc04081-300x225.jpg 300w\" sizes=\"auto, (max-width: 461px) 100vw, 461px\" \/><\/p>\n<p>Kan en vissen, uttorkad blomma vara vacker?<\/p>\n<p>D\u00f6m sj\u00e4lva<\/p>\n<p>*<br \/>\n*<\/p>\n<p><img loading=\"lazy\" decoding=\"async\" src=\"http:\/\/www.eva.sundstrom.st\/wp-content\/upload\/dsc04066.jpg\" alt=\"dsc04066\" title=\"dsc04066\" width=\"348\" height=\"286\" class=\"aligncenter size-full wp-image-1101\" srcset=\"https:\/\/eva.sundstrom.st\/wp-content\/upload\/dsc04066.jpg 348w, https:\/\/eva.sundstrom.st\/wp-content\/upload\/dsc04066-300x246.jpg 300w\" sizes=\"auto, (max-width: 348px) 100vw, 348px\" \/><\/p>\n<p>*<br \/>\n*<\/p>\n<p><img loading=\"lazy\" decoding=\"async\" src=\"http:\/\/www.eva.sundstrom.st\/wp-content\/upload\/dsc04067.jpg\" alt=\"dsc04067\" title=\"dsc04067\" width=\"302\" height=\"273\" class=\"aligncenter size-full wp-image-1102\" srcset=\"https:\/\/eva.sundstrom.st\/wp-content\/upload\/dsc04067.jpg 302w, https:\/\/eva.sundstrom.st\/wp-content\/upload\/dsc04067-300x271.jpg 300w\" sizes=\"auto, (max-width: 302px) 100vw, 302px\" \/><\/p>\n<p>*<br \/>\n*<\/p>\n<p><img loading=\"lazy\" decoding=\"async\" src=\"http:\/\/www.eva.sundstrom.st\/wp-content\/upload\/dsc04070.jpg\" alt=\"dsc04070\" title=\"dsc04070\" width=\"297\" height=\"276\" class=\"aligncenter size-full wp-image-1103\" \/><br \/>\n*<\/p>\n<p>Ja det beror kanske p\u00e5 hur man ser det. Kunde hursomhelst inte l\u00e5ta bli att ta n\u00e5gra kort n\u00e4r jag skulle sl\u00e4nga den f\u00f6rra tulpanbuketten.<\/p>\n<p>*<\/p>\n<p>En gul<\/p>\n<p><img loading=\"lazy\" decoding=\"async\" src=\"http:\/\/www.eva.sundstrom.st\/wp-content\/upload\/dsc04071.jpg\" alt=\"dsc04071\" title=\"dsc04071\" width=\"369\" height=\"276\" class=\"aligncenter size-full wp-image-1104\" srcset=\"https:\/\/eva.sundstrom.st\/wp-content\/upload\/dsc04071.jpg 369w, https:\/\/eva.sundstrom.st\/wp-content\/upload\/dsc04071-300x224.jpg 300w\" sizes=\"auto, (max-width: 369px) 100vw, 369px\" \/><\/p>\n<p>och en rosa.<\/p>\n<p><img loading=\"lazy\" decoding=\"async\" src=\"http:\/\/www.eva.sundstrom.st\/wp-content\/upload\/dsc04072.jpg\" alt=\"dsc04072\" title=\"dsc04072\" width=\"336\" height=\"384\" class=\"aligncenter size-full wp-image-1105\" srcset=\"https:\/\/eva.sundstrom.st\/wp-content\/upload\/dsc04072.jpg 336w, https:\/\/eva.sundstrom.st\/wp-content\/upload\/dsc04072-262x300.jpg 262w\" sizes=\"auto, (max-width: 336px) 100vw, 336px\" \/><\/p>\n<p>Till sist kommer en fj\u00e4rde amaryllisknopp.<\/p>\n<p><img loading=\"lazy\" decoding=\"async\" src=\"http:\/\/www.eva.sundstrom.st\/wp-content\/upload\/dsc04068.jpg\" alt=\"dsc04068\" title=\"dsc04068\" width=\"276\" height=\"259\" class=\"aligncenter size-full wp-image-1106\" \/><\/p>\n<p>Ska den orka?<\/p>\n<p>Vi f\u00e5r hem yngsten i helgen, f\u00f6r sportlov.  \ud83d\ude42   \ud83d\ude42<br \/>\n\u00d6nskar er alla en fin, lugn och sk\u00f6n helg.<\/p>\n","protected":false},"excerpt":{"rendered":"<p>F\u00f6rst ett f\u00e5ng sp\u00e4nstiga tulpaner som lockar fram v\u00e5rk\u00e4nslorna. Trotts att det sn\u00f6rar ute. Kan en vissen, uttorkad blomma vara vacker? D\u00f6m sj\u00e4lva * * * * * * * Ja det beror kanske p\u00e5 hur man ser det. Kunde hursomhelst inte l\u00e5ta bli att ta n\u00e5gra kort n\u00e4r jag skulle sl\u00e4nga den f\u00f6rra tulpanbuketten. [&hellip;]<\/p>\n","protected":false},"author":1,"featured_media":0,"comment_status":"open","ping_status":"open","sticky":false,"template":"","format":"standard","meta":{"footnotes":""},"categories":[4],"tags":[],"class_list":["post-1099","post","type-post","status-publish","format-standard","hentry","category-allmant"],"_links":{"self":[{"href":"https:\/\/eva.sundstrom.st\/index.php?rest_route=\/wp\/v2\/posts\/1099","targetHints":{"allow":["GET"]}}],"collection":[{"href":"https:\/\/eva.sundstrom.st\/index.php?rest_route=\/wp\/v2\/posts"}],"about":[{"href":"https:\/\/eva.sundstrom.st\/index.php?rest_route=\/wp\/v2\/types\/post"}],"author":[{"embeddable":true,"href":"https:\/\/eva.sundstrom.st\/index.php?rest_route=\/wp\/v2\/users\/1"}],"replies":[{"embeddable":true,"href":"https:\/\/eva.sundstrom.st\/index.php?rest_route=%2Fwp%2Fv2%2Fcomments&post=1099"}],"version-history":[{"count":4,"href":"https:\/\/eva.sundstrom.st\/index.php?rest_route=\/wp\/v2\/posts\/1099\/revisions"}],"predecessor-version":[{"id":1110,"href":"https:\/\/eva.sundstrom.st\/index.php?rest_route=\/wp\/v2\/posts\/1099\/revisions\/1110"}],"wp:attachment":[{"href":"https:\/\/eva.sundstrom.st\/index.php?rest_route=%2Fwp%2Fv2%2Fmedia&parent=1099"}],"wp:term":[{"taxonomy":"category","embeddable":true,"href":"https:\/\/eva.sundstrom.st\/index.php?rest_route=%2Fwp%2Fv2%2Fcategories&post=1099"},{"taxonomy":"post_tag","embeddable":true,"href":"https:\/\/eva.sundstrom.st\/index.php?rest_route=%2Fwp%2Fv2%2Ftags&post=1099"}],"curies":[{"name":"wp","href":"https:\/\/api.w.org\/{rel}","templated":true}]}}