{"id":1133,"date":"2009-03-11T10:45:26","date_gmt":"2009-03-11T09:45:26","guid":{"rendered":"http:\/\/www.eva.sundstrom.st\/?p=1133"},"modified":"2009-03-11T10:45:26","modified_gmt":"2009-03-11T09:45:26","slug":"go-formiddag","status":"publish","type":"post","link":"https:\/\/eva.sundstrom.st\/?p=1133","title":{"rendered":"G"},"content":{"rendered":"<p><strong>p\u00e5 er alla d\u00e4r ute i v\u00e4rlden.<br \/>\nEfter fler n\u00e4tter med d\u00e5lig s\u00f6mn  vaknade jag tidig i \u00e4ven i dag. Det \u00e4r ju s\u00e5 typiskt n\u00e4r man \u00e4r ledig och kan f\u00e5 sova l\u00e4nge. I tisdags somnade jag om och h\u00f6ll p\u00e5 att f\u00f6rsova  mig ordenligt.<br \/>\nI dag steg jag upp kl 05.30. Orkade inte ligga l\u00e4ngre. Efter lite kaffe, en sm\u00f6rg\u00e5s och tidningsl\u00e4sning somnade jag och sov till 8.30.<br \/>\nOj, s\u00e5 sk\u00f6nt.<br \/>\nNu k\u00e4ndes det helt r\u00e4tt att stiga upp.<\/p>\n<p>Har best\u00e4mt mig f\u00f6r en sak i dag.<\/p>\n<p>Inget stressande.<\/p>\n<p>Har tr\u00e4nat lite, \u00e4tit frukost och stoppat tv\u00e4tt i maskinen. Ibland tittar solen fram och det k\u00e4nns riktigt bra. <\/p>\n<p>En promenad \u00e4r planerad och i kv\u00e4ll \u00e4r det handarbetscaf\u00e9.<\/p>\n<p>En bok vill jag presentera f\u00f6r er.<br \/>\nIngen sp\u00e4nnande deckare eller f\u00e4ngslande roman men, i mitt tycke l\u00e4ttl\u00e4st. En bok som f\u00e5r en att t\u00e4nka till ibland.<\/p>\n<p><img loading=\"lazy\" decoding=\"async\" src=\"http:\/\/www.eva.sundstrom.st\/wp-content\/upload\/dsc04098.jpg\" alt=\"dsc04098\" title=\"dsc04098\" width=\"328\" height=\"505\" class=\"aligncenter size-full wp-image-1134\" srcset=\"https:\/\/eva.sundstrom.st\/wp-content\/upload\/dsc04098.jpg 328w, https:\/\/eva.sundstrom.st\/wp-content\/upload\/dsc04098-194x300.jpg 194w\" sizes=\"auto, (max-width: 328px) 100vw, 328px\" \/> <\/p>\n<p>Den \u00e4r utgiven i samarbete med studief\u00f6rbundet Sensus och jag fick den en g\u00e5ng n\u00e4r jag deltog i en kurs om Sensus var ledare f\u00f6r.<\/p>\n<p>Det tog ett tag innan jag b\u00f6rjade l\u00e4sa den men n\u00e4r jag v\u00e4l kom ig\u00e5ng ville jag l\u00e4sa klart.<\/p>\n<p><img loading=\"lazy\" decoding=\"async\" src=\"http:\/\/www.eva.sundstrom.st\/wp-content\/upload\/dsc04100.jpg\" alt=\"dsc04100\" title=\"dsc04100\" width=\"368\" height=\"491\" class=\"aligncenter size-full wp-image-1136\" srcset=\"https:\/\/eva.sundstrom.st\/wp-content\/upload\/dsc04100.jpg 368w, https:\/\/eva.sundstrom.st\/wp-content\/upload\/dsc04100-224x300.jpg 224w\" sizes=\"auto, (max-width: 368px) 100vw, 368px\" \/>  <\/p>\n<p>Det sista stycket i boken ramlade rakt in.<br \/>\nVisst \u00e4r det precis s\u00e5 det \u00e4r?<\/p>\n<p>Jag citerar<br \/>\n&#8221;Men ocks\u00e5 allt detta \u00e4r individuella l\u00f6sningar. Vad vi beh\u00f6ver mer \u00e4n n\u00e5got annat \u00e4r en f\u00f6r\u00e4ndring av arbetslivet. Det \u00e4r i arbetslivet som de mjuka v\u00e4rdena beh\u00f6ver f\u00f6rsvaras: en del av den stress m\u00e4nniskor k\u00e4nner ute i vardagslivet \u00e4r etisk stress, det vill s\u00e4ga de k\u00e4nner att de inte f\u00e5r utf\u00f6ra sitt arbete s\u00e5 som de egentligen vet att det borde utf\u00f6ras.<br \/>\nEn ung ekonom l\u00e4rde mig en g\u00e5ng vad han kallade &#8221;kvartettmodellen&#8221;.<br \/>\nOm vi t\u00e4nker oss att ett stycke  kammarmusik f\u00f6r fyra musiker tar tjugo minuter att spela skulle ingen komma p\u00e5 id\u00e9n att f\u00f6rs\u00f6ka spara genom att avskeda en musiker och f\u00f6rv\u00e4nta sig att de tre \u00f6vriga skulle kunna prestera samma resultat. Ingen skulle heller komma p\u00e5 att f\u00f6rs\u00f6kas spara genom att l\u00e5ta alla fyra musikerna vara kvar men kr\u00e4va att de spelade klart p\u00e5 en kvart. I otaliga yrken &#8211; exempelvis i v\u00e5rden &#8211; \u00e4r det ju emellertid just p\u00e5 det h\u00e4r viset man f\u00f6rs\u00f6ker rationalisera: man vill inte acceptera att v\u00e5rdarens arbete p\u00e5 samma sj\u00e4lvklara vis som musikerns har sitt givna tempo, att den som tr\u00f6star ett barn &#8211; eller en \u00e5ldring &#8211; inte ska beh\u00f6va skynda p\u00e5. Det \u00e4r inte bara tankar som tar tid, det g\u00f6r ocks\u00e5 &#8211; och famf\u00f6rallt- omtanke.&#8221;<br \/>\nSlut citat.<\/p>\n<p>K\u00e4nns det igen? Jag g\u00f6r det.<\/p>\n<p>Ha det gott.   <\/strong><\/p>\n","protected":false},"excerpt":{"rendered":"<p>p\u00e5 er alla d\u00e4r ute i v\u00e4rlden. Efter fler n\u00e4tter med d\u00e5lig s\u00f6mn vaknade jag tidig i \u00e4ven i dag. Det \u00e4r ju s\u00e5 typiskt n\u00e4r man \u00e4r ledig och kan f\u00e5 sova l\u00e4nge. I tisdags somnade jag om och h\u00f6ll p\u00e5 att f\u00f6rsova mig ordenligt. I dag steg jag upp kl 05.30. Orkade inte [&hellip;]<\/p>\n","protected":false},"author":1,"featured_media":0,"comment_status":"open","ping_status":"open","sticky":false,"template":"","format":"standard","meta":{"footnotes":""},"categories":[4,3],"tags":[],"class_list":["post-1133","post","type-post","status-publish","format-standard","hentry","category-allmant","category-bocker"],"_links":{"self":[{"href":"https:\/\/eva.sundstrom.st\/index.php?rest_route=\/wp\/v2\/posts\/1133","targetHints":{"allow":["GET"]}}],"collection":[{"href":"https:\/\/eva.sundstrom.st\/index.php?rest_route=\/wp\/v2\/posts"}],"about":[{"href":"https:\/\/eva.sundstrom.st\/index.php?rest_route=\/wp\/v2\/types\/post"}],"author":[{"embeddable":true,"href":"https:\/\/eva.sundstrom.st\/index.php?rest_route=\/wp\/v2\/users\/1"}],"replies":[{"embeddable":true,"href":"https:\/\/eva.sundstrom.st\/index.php?rest_route=%2Fwp%2Fv2%2Fcomments&post=1133"}],"version-history":[{"count":4,"href":"https:\/\/eva.sundstrom.st\/index.php?rest_route=\/wp\/v2\/posts\/1133\/revisions"}],"predecessor-version":[{"id":1139,"href":"https:\/\/eva.sundstrom.st\/index.php?rest_route=\/wp\/v2\/posts\/1133\/revisions\/1139"}],"wp:attachment":[{"href":"https:\/\/eva.sundstrom.st\/index.php?rest_route=%2Fwp%2Fv2%2Fmedia&parent=1133"}],"wp:term":[{"taxonomy":"category","embeddable":true,"href":"https:\/\/eva.sundstrom.st\/index.php?rest_route=%2Fwp%2Fv2%2Fcategories&post=1133"},{"taxonomy":"post_tag","embeddable":true,"href":"https:\/\/eva.sundstrom.st\/index.php?rest_route=%2Fwp%2Fv2%2Ftags&post=1133"}],"curies":[{"name":"wp","href":"https:\/\/api.w.org\/{rel}","templated":true}]}}