{"id":1140,"date":"2009-03-16T11:18:24","date_gmt":"2009-03-16T10:18:24","guid":{"rendered":"http:\/\/www.eva.sundstrom.st\/?p=1140"},"modified":"2009-03-16T11:18:24","modified_gmt":"2009-03-16T10:18:24","slug":"strul-2","status":"publish","type":"post","link":"https:\/\/eva.sundstrom.st\/?p=1140","title":{"rendered":"Strul"},"content":{"rendered":"<p>I g\u00e5r eftermiddag kom solen fram och det blev riktigt fint.<br \/>\nSolen lockade ut mig p\u00e5 en promenad.<\/p>\n<p>Jag stoppade kameran i fickan i tron att jag skulle komma hem med en massa fina kort.<br \/>\nVatten som porlade s\u00e5 fint fr\u00e5n p\u00f6l till p\u00f6l och vidare ner i diket.<\/p>\n<p>N\u00e4r jag ser s\u00e5nt reagerar jag p\u00e5 samma s\u00e4tt varje g\u00e5ng.<br \/>\nUndrar just om n\u00e5gon mer g\u00f6r det.<\/p>\n<p>Jag vill ha gummist\u00f6vlar p\u00e5 eller en bra pinne och &#8221;dika&#8221;.  G\u00f6ra sm\u00e5 v\u00e4gar f\u00f6r vattnet s\u00e5 det l\u00e4ttare kommer fram.<\/p>\n<p>Detta v\u00e4xer jag nog aldrig ifr\u00e5n.<\/p>\n<p>Med kort p\u00e5 detta porlande sm\u00e4ltvatten eller andra v\u00e5rtecken blev det nu inte f\u00f6r batteriet var tomt!<\/p>\n<p>V\u00e4l inkommen bj\u00f6ds jag p\u00e5 r\u00e5rakor och stekt fl\u00e4sk. mmmmmm<br \/>\nIngen traditionell s\u00f6ndgsmiddag men vem har sagt att det m\u00e5ste vara det. Gott \u00e4r det.<\/p>\n<p>Batteriet sattes p\u00e5 laddning och sedan togs det kort  p\u00e5 en bok. Inte slutade strulet d\u00e4r.<br \/>\nGjorde n\u00e5got fel n\u00e4r jag skulle l\u00e4gga in korten p\u00e5 datorn s\u00e5 ingenting fungerade. La ner det projektet och t\u00e4nkte jag g\u00f6r det i morgon.<\/p>\n<p>Visst, men det gick inte b\u00e4ttre i dag. St\u00e5r bara att ingen k\u00e4lla \u00e4r inkopplad. Tar till den gamla hederliga datorn men vad hj\u00e4lper det. T\u00e4nkte d\u00e5 titta p\u00e5 bilderna p\u00e5 kameran och uppt\u00e4cker att jag av misstag raderat vartenda kort   \ud83d\ude41<br \/>\nNu tror jag inte n\u00e5gra mer v\u00e4rdefulla kort f\u00f6rsvann men inte undra p\u00e5 att det inte g\u00e5r att ladda in p\u00e5 datorn.<br \/>\nNu har jag gjort ett nytt f\u00f6rs\u00f6k.<\/p>\n<p><img loading=\"lazy\" decoding=\"async\" src=\"http:\/\/www.eva.sundstrom.st\/wp-content\/upload\/dsc04103.jpg\" alt=\"dsc04103\" title=\"dsc04103\" width=\"365\" height=\"504\" class=\"aligncenter size-full wp-image-1141\" srcset=\"https:\/\/eva.sundstrom.st\/wp-content\/upload\/dsc04103.jpg 365w, https:\/\/eva.sundstrom.st\/wp-content\/upload\/dsc04103-217x300.jpg 217w\" sizes=\"auto, (max-width: 365px) 100vw, 365px\" \/><\/p>\n<p><img loading=\"lazy\" decoding=\"async\" src=\"http:\/\/www.eva.sundstrom.st\/wp-content\/upload\/dsc04104.jpg\" alt=\"dsc04104\" title=\"dsc04104\" width=\"441\" height=\"253\" class=\"aligncenter size-full wp-image-1142\" srcset=\"https:\/\/eva.sundstrom.st\/wp-content\/upload\/dsc04104.jpg 441w, https:\/\/eva.sundstrom.st\/wp-content\/upload\/dsc04104-300x172.jpg 300w\" sizes=\"auto, (max-width: 441px) 100vw, 441px\" \/><\/p>\n<p>Kan inte p\u00e5st\u00e5 att detta \u00e4r Karin Fossums b\u00e4sta bok men den var inte sv\u00e5rl\u00e4st.<br \/>\nHar tidigare l\u00e4st <\/p>\n<p>Svarta sekunder<br \/>\n\u00c4lskade Ponna<br \/>\nDe galnas hus<\/p>\n<p>Vilken som var b\u00e4st \u00e4r sv\u00e5rt att s\u00e4ga.<\/p>\n<p>Vi h\u00f6rs igen om jag lyckas logga in \ud83d\ude09<br \/>\nM\u00e5 gott<\/p>\n","protected":false},"excerpt":{"rendered":"<p>I g\u00e5r eftermiddag kom solen fram och det blev riktigt fint. Solen lockade ut mig p\u00e5 en promenad. Jag stoppade kameran i fickan i tron att jag skulle komma hem med en massa fina kort. Vatten som porlade s\u00e5 fint fr\u00e5n p\u00f6l till p\u00f6l och vidare ner i diket. N\u00e4r jag ser s\u00e5nt reagerar jag [&hellip;]<\/p>\n","protected":false},"author":1,"featured_media":0,"comment_status":"open","ping_status":"open","sticky":false,"template":"","format":"standard","meta":{"footnotes":""},"categories":[4,3],"tags":[],"class_list":["post-1140","post","type-post","status-publish","format-standard","hentry","category-allmant","category-bocker"],"_links":{"self":[{"href":"https:\/\/eva.sundstrom.st\/index.php?rest_route=\/wp\/v2\/posts\/1140","targetHints":{"allow":["GET"]}}],"collection":[{"href":"https:\/\/eva.sundstrom.st\/index.php?rest_route=\/wp\/v2\/posts"}],"about":[{"href":"https:\/\/eva.sundstrom.st\/index.php?rest_route=\/wp\/v2\/types\/post"}],"author":[{"embeddable":true,"href":"https:\/\/eva.sundstrom.st\/index.php?rest_route=\/wp\/v2\/users\/1"}],"replies":[{"embeddable":true,"href":"https:\/\/eva.sundstrom.st\/index.php?rest_route=%2Fwp%2Fv2%2Fcomments&post=1140"}],"version-history":[{"count":4,"href":"https:\/\/eva.sundstrom.st\/index.php?rest_route=\/wp\/v2\/posts\/1140\/revisions"}],"predecessor-version":[{"id":1146,"href":"https:\/\/eva.sundstrom.st\/index.php?rest_route=\/wp\/v2\/posts\/1140\/revisions\/1146"}],"wp:attachment":[{"href":"https:\/\/eva.sundstrom.st\/index.php?rest_route=%2Fwp%2Fv2%2Fmedia&parent=1140"}],"wp:term":[{"taxonomy":"category","embeddable":true,"href":"https:\/\/eva.sundstrom.st\/index.php?rest_route=%2Fwp%2Fv2%2Fcategories&post=1140"},{"taxonomy":"post_tag","embeddable":true,"href":"https:\/\/eva.sundstrom.st\/index.php?rest_route=%2Fwp%2Fv2%2Ftags&post=1140"}],"curies":[{"name":"wp","href":"https:\/\/api.w.org\/{rel}","templated":true}]}}