{"id":1147,"date":"2009-03-24T19:48:05","date_gmt":"2009-03-24T18:48:05","guid":{"rendered":"http:\/\/www.eva.sundstrom.st\/?p=1147"},"modified":"2009-03-24T19:48:05","modified_gmt":"2009-03-24T18:48:05","slug":"en-del-pa-gang","status":"publish","type":"post","link":"https:\/\/eva.sundstrom.st\/?p=1147","title":{"rendered":"En del p"},"content":{"rendered":"<p><img loading=\"lazy\" decoding=\"async\" src=\"http:\/\/www.eva.sundstrom.st\/wp-content\/upload\/dsc041251.jpg\" alt=\"dsc041251\" title=\"dsc041251\" width=\"460\" height=\"345\" class=\"aligncenter size-full wp-image-1151\" srcset=\"https:\/\/eva.sundstrom.st\/wp-content\/upload\/dsc041251.jpg 460w, https:\/\/eva.sundstrom.st\/wp-content\/upload\/dsc041251-300x225.jpg 300w\" sizes=\"auto, (max-width: 460px) 100vw, 460px\" \/><\/p>\n<p>Vad \u00e4r nu detta?<br \/>\nJo, min pappa var en hejare p\u00e5 att p\u00e5ta.<br \/>\nI synnerhet de sista \u00e5ren han levde. M\u00e5nga \u00e4r det som har sjalar som han p\u00e5tat.<br \/>\nDet har h\u00e4nt n\u00e4r jag varit p\u00e5 marknader, med min strumpor och sjalar, att folk har tittat p\u00e5 sjalarna och sagt att dom en g\u00e5ng k\u00f6pt av en farbror som gjorde sjalar p\u00e5 en br\u00e4da med spikar.<br \/>\nN\u00e4r jag fr\u00e5gar var det var n\u00e5gonstans s\u00e5 kan vi ofta komma fram till att det var min far.<br \/>\nHan hade sin p\u00e5tbr\u00e4da med i rullatorn n\u00e4stan \u00f6verallt.<\/p>\n<p>N\u00e4r far slutade detta jordeliv fanns i hans g\u00f6mmor flera p\u00e5tbr\u00e4dor och en hel del garn.<br \/>\nJag tog vara p\u00e5 en br\u00e4da och en av hans specialb\u00f6jda skruvmejslar.<br \/>\nEn stor del av garnet hamnade ocks\u00e5 hos mig.<\/p>\n<p>Jag b\u00f6rjade friskt p\u00e5 en sjal och har nu plockat fram det hela f\u00f6r att f\u00f6rs\u00f6ka f\u00e5 den klar.<\/p>\n<p><img loading=\"lazy\" decoding=\"async\" src=\"http:\/\/www.eva.sundstrom.st\/wp-content\/upload\/dsc041231.jpg\" alt=\"dsc041231\" title=\"dsc041231\" width=\"368\" height=\"276\" class=\"aligncenter size-full wp-image-1153\" srcset=\"https:\/\/eva.sundstrom.st\/wp-content\/upload\/dsc041231.jpg 368w, https:\/\/eva.sundstrom.st\/wp-content\/upload\/dsc041231-300x225.jpg 300w\" sizes=\"auto, (max-width: 368px) 100vw, 368px\" \/><\/p>\n<p>Det \u00e4r nog tio \u00e5r sedan jag b\u00f6rjade p\u00e5 den s\u00e5 det \u00e4r v\u00e4l p\u00e5 tiden att det h\u00e4nder n\u00e5got.<\/p>\n<p>Min l\u00e5ngkofta har ocks\u00e5 kommit fram ur garderoben. \u00c4ven den har ju legat till sig en tid.<\/p>\n<p><img loading=\"lazy\" decoding=\"async\" src=\"http:\/\/www.eva.sundstrom.st\/wp-content\/upload\/dsc04122.jpg\" alt=\"dsc04122\" title=\"dsc04122\" width=\"368\" height=\"276\" class=\"aligncenter size-full wp-image-1154\" srcset=\"https:\/\/eva.sundstrom.st\/wp-content\/upload\/dsc04122.jpg 368w, https:\/\/eva.sundstrom.st\/wp-content\/upload\/dsc04122-300x225.jpg 300w\" sizes=\"auto, (max-width: 368px) 100vw, 368px\" \/><\/p>\n<p>Har b\u00f6rjat p\u00e5 \u00e4rmarna och s\u00e5 ska det sys ihop lite h\u00e4r och d\u00e4r. Stickade ihop fram och bakstyckena p\u00e5 rundsticka s\u00e5 det \u00e4r bara \u00e4rmarna och sj\u00e4lva halskanten bak som beh\u00f6ver sys. Sedan finns ju ett antal tr\u00e5dar som ska f\u00e4stas men kommer jag s\u00e5 l\u00e5ngt \u00e4r ju det en baggis.<\/p>\n<p>En korg \u00e4r fylld med f\u00e4rdiga arbeten. <\/p>\n<p><img loading=\"lazy\" decoding=\"async\" src=\"http:\/\/www.eva.sundstrom.st\/wp-content\/upload\/dsc04110.jpg\" alt=\"dsc04110\" title=\"dsc04110\" width=\"368\" height=\"276\" class=\"aligncenter size-full wp-image-1155\" srcset=\"https:\/\/eva.sundstrom.st\/wp-content\/upload\/dsc04110.jpg 368w, https:\/\/eva.sundstrom.st\/wp-content\/upload\/dsc04110-300x225.jpg 300w\" sizes=\"auto, (max-width: 368px) 100vw, 368px\" \/><\/p>\n<p>Till v\u00e4nster en barnkofta, d\u00e4r det m\u00e5ste erk\u00e4nnas att knappar fortfarande fattas.<br \/>\nTill h\u00f6ger en sjal-halsduk och under ligger n\u00e5gra strumpor stickade i svenskullgarn och n\u00e5gra i J\u00e4rbos raggi.<br \/>\nGarnf\u00f6r\u00e5det minskade med<\/p>\n<p><img loading=\"lazy\" decoding=\"async\" src=\"http:\/\/www.eva.sundstrom.st\/wp-content\/upload\/dsc041071.jpg\" alt=\"dsc041071\" title=\"dsc041071\" width=\"340\" height=\"153\" class=\"aligncenter size-full wp-image-1157\" srcset=\"https:\/\/eva.sundstrom.st\/wp-content\/upload\/dsc041071.jpg 340w, https:\/\/eva.sundstrom.st\/wp-content\/upload\/dsc041071-300x135.jpg 300w\" sizes=\"auto, (max-width: 340px) 100vw, 340px\" \/><\/p>\n<p>Alltid n\u00e5got men \u00e4nnu finns det mycket kvar. V\u00e4ldigt mycket \ud83d\ude09   <\/p>\n<p>En bok har jag l\u00e4st ocks\u00e5. <\/p>\n<p><img loading=\"lazy\" decoding=\"async\" src=\"http:\/\/www.eva.sundstrom.st\/wp-content\/upload\/dsc04120.jpg\" alt=\"dsc04120\" title=\"dsc04120\" width=\"276\" height=\"368\" class=\"alignleft size-full wp-image-1158\" srcset=\"https:\/\/eva.sundstrom.st\/wp-content\/upload\/dsc04120.jpg 276w, https:\/\/eva.sundstrom.st\/wp-content\/upload\/dsc04120-225x300.jpg 225w\" sizes=\"auto, (max-width: 276px) 100vw, 276px\" \/><img loading=\"lazy\" decoding=\"async\" src=\"http:\/\/www.eva.sundstrom.st\/wp-content\/upload\/dsc04121.jpg\" alt=\"dsc04121\" title=\"dsc04121\" width=\"276\" height=\"368\" class=\"alignright size-full wp-image-1159\" srcset=\"https:\/\/eva.sundstrom.st\/wp-content\/upload\/dsc04121.jpg 276w, https:\/\/eva.sundstrom.st\/wp-content\/upload\/dsc04121-225x300.jpg 225w\" sizes=\"auto, (max-width: 276px) 100vw, 276px\" \/><\/p>\n<p>En l\u00e4ttl\u00e4st bok om tv\u00e5 m\u00e4nniskors, och \u00e4ven deras barns, liv och leverne.<\/p>\n<p>(S\u00e5 konstig det d\u00e4r blev men jag lyckas inte f\u00e5 det annorlunda.)<\/p>\n<p>Det blir mycket det h\u00e4r men jag vill ocks\u00e5 visa att jag b\u00f6rjat p\u00e5 en ny sak.<br \/>\nEn sjal!  f\u00f6r ovanlighetens skull.<\/p>\n<p><img loading=\"lazy\" decoding=\"async\" src=\"http:\/\/www.eva.sundstrom.st\/wp-content\/upload\/dsc04126.jpg\" alt=\"dsc04126\" title=\"dsc04126\" width=\"399\" height=\"299\" class=\"aligncenter size-full wp-image-1167\" srcset=\"https:\/\/eva.sundstrom.st\/wp-content\/upload\/dsc04126.jpg 399w, https:\/\/eva.sundstrom.st\/wp-content\/upload\/dsc04126-300x224.jpg 300w\" sizes=\"auto, (max-width: 399px) 100vw, 399px\" \/><\/p>\n<p>Har f\u00e5tt m\u00f6nster fr\u00e5n Metta och den \u00e4r s\u00e5 rolig att sticka. Garnet \u00e4r arv fr\u00e5n far och r\u00e4cker det inte till fransen kanske det \u00e4r lovligt att k\u00f6pa till lite nytt.<br \/>\nDet \u00e4r helt s\u00e4kert ink\u00f6pt hos Kampes utanf\u00f6r Mariestad. Han k\u00f6pte mycket garn d\u00e4r och finns inte samma f\u00e4rg kan man ju ta en nyans m\u00f6rkare.<\/p>\n<p>Om ni orkat \u00e4nda hit f\u00e5r jag tacka f\u00f6r ordet och \u00f6nska er en sk\u00f6n kv\u00e4ll.<br \/>\nHa det lugnt och sov gott.<\/p>\n","protected":false},"excerpt":{"rendered":"<p>Vad \u00e4r nu detta? Jo, min pappa var en hejare p\u00e5 att p\u00e5ta. I synnerhet de sista \u00e5ren han levde. M\u00e5nga \u00e4r det som har sjalar som han p\u00e5tat. Det har h\u00e4nt n\u00e4r jag varit p\u00e5 marknader, med min strumpor och sjalar, att folk har tittat p\u00e5 sjalarna och sagt att dom en g\u00e5ng k\u00f6pt [&hellip;]<\/p>\n","protected":false},"author":1,"featured_media":0,"comment_status":"open","ping_status":"open","sticky":false,"template":"","format":"standard","meta":{"footnotes":""},"categories":[3,5],"tags":[],"class_list":["post-1147","post","type-post","status-publish","format-standard","hentry","category-bocker","category-fran-garnlagret"],"_links":{"self":[{"href":"https:\/\/eva.sundstrom.st\/index.php?rest_route=\/wp\/v2\/posts\/1147","targetHints":{"allow":["GET"]}}],"collection":[{"href":"https:\/\/eva.sundstrom.st\/index.php?rest_route=\/wp\/v2\/posts"}],"about":[{"href":"https:\/\/eva.sundstrom.st\/index.php?rest_route=\/wp\/v2\/types\/post"}],"author":[{"embeddable":true,"href":"https:\/\/eva.sundstrom.st\/index.php?rest_route=\/wp\/v2\/users\/1"}],"replies":[{"embeddable":true,"href":"https:\/\/eva.sundstrom.st\/index.php?rest_route=%2Fwp%2Fv2%2Fcomments&post=1147"}],"version-history":[{"count":12,"href":"https:\/\/eva.sundstrom.st\/index.php?rest_route=\/wp\/v2\/posts\/1147\/revisions"}],"predecessor-version":[{"id":3534,"href":"https:\/\/eva.sundstrom.st\/index.php?rest_route=\/wp\/v2\/posts\/1147\/revisions\/3534"}],"wp:attachment":[{"href":"https:\/\/eva.sundstrom.st\/index.php?rest_route=%2Fwp%2Fv2%2Fmedia&parent=1147"}],"wp:term":[{"taxonomy":"category","embeddable":true,"href":"https:\/\/eva.sundstrom.st\/index.php?rest_route=%2Fwp%2Fv2%2Fcategories&post=1147"},{"taxonomy":"post_tag","embeddable":true,"href":"https:\/\/eva.sundstrom.st\/index.php?rest_route=%2Fwp%2Fv2%2Ftags&post=1147"}],"curies":[{"name":"wp","href":"https:\/\/api.w.org\/{rel}","templated":true}]}}