{"id":1170,"date":"2009-03-28T15:06:25","date_gmt":"2009-03-28T14:06:25","guid":{"rendered":"http:\/\/www.eva.sundstrom.st\/?p=1170"},"modified":"2009-03-28T15:06:25","modified_gmt":"2009-03-28T14:06:25","slug":"vaxlande-vader","status":"publish","type":"post","link":"https:\/\/eva.sundstrom.st\/?p=1170","title":{"rendered":"V"},"content":{"rendered":"<p>S\u00e5 vr\u00e4kte det ner sn\u00f6 igen. Hela dagen i g\u00e5r sn\u00f6ade det.<br \/>\nDet lugnade sig lite i g\u00e5r kv\u00e4ll men i morsse sn\u00f6ade det igen.<\/p>\n<p>Det gav sig fram p\u00e5 f\u00f6rmiddagen och solen har v\u00e5gat kika fram lite d\u00e5 o d\u00e5.<\/p>\n<p>Det \u00e4r h\u00e4r vid tr\u00e4dets fot som mina sn\u00f6droppar v\u00e4xer<\/p>\n<p><img loading=\"lazy\" decoding=\"async\" src=\"http:\/\/www.eva.sundstrom.st\/wp-content\/upload\/dsc04127.jpg\" alt=\"dsc04127\" title=\"dsc04127\" width=\"507\" height=\"272\" class=\"aligncenter size-full wp-image-1171\" srcset=\"https:\/\/eva.sundstrom.st\/wp-content\/upload\/dsc04127.jpg 507w, https:\/\/eva.sundstrom.st\/wp-content\/upload\/dsc04127-300x160.jpg 300w\" sizes=\"auto, (max-width: 507px) 100vw, 507px\" \/><\/p>\n<p>Dom kommer v\u00e4ll fram igen s\u00e5 sm\u00e5ningom. Det \u00e4r plusgrader nu och sm\u00e4ltvattnet porlar glatt fr\u00e5n taken.<\/p>\n<p>H\u00e4r, mellan trybusken och spirean, tittade vivor fram f\u00f6r n\u00e5gra dagar sedan och jag bara v\u00e4ntade p\u00e5 att dom skulle sl\u00e5 ut. <\/p>\n<p><img loading=\"lazy\" decoding=\"async\" src=\"http:\/\/www.eva.sundstrom.st\/wp-content\/upload\/dsc04134.jpg\" alt=\"dsc04134\" title=\"dsc04134\" width=\"368\" height=\"276\" class=\"aligncenter size-full wp-image-1172\" srcset=\"https:\/\/eva.sundstrom.st\/wp-content\/upload\/dsc04134.jpg 368w, https:\/\/eva.sundstrom.st\/wp-content\/upload\/dsc04134-300x225.jpg 300w\" sizes=\"auto, (max-width: 368px) 100vw, 368px\" \/><\/p>\n<p>F\u00e5r nog v\u00e4nta n\u00e5gra dagar till p\u00e5 det. Det enda som syntes i dag var rester fr\u00e5n vallmon som kom d\u00e4r i somras. <\/p>\n<p>Fr\u00e5n garnlagret har det nallats 300 gr.<\/p>\n<p><img loading=\"lazy\" decoding=\"async\" src=\"http:\/\/www.eva.sundstrom.st\/wp-content\/upload\/dsc04129.jpg\" alt=\"dsc04129\" title=\"dsc04129\" width=\"499\" height=\"349\" class=\"aligncenter size-full wp-image-1173\" srcset=\"https:\/\/eva.sundstrom.st\/wp-content\/upload\/dsc04129.jpg 499w, https:\/\/eva.sundstrom.st\/wp-content\/upload\/dsc04129-300x209.jpg 300w\" sizes=\"auto, (max-width: 499px) 100vw, 499px\" \/><\/p>\n<p>Den \u00e4r stickad av Targas f\u00e4rg: 17 fr\u00e5n Svarta f\u00e5ret och Garnstudios Cotton Viscose f\u00e4rg: 10<\/p>\n<p><img loading=\"lazy\" decoding=\"async\" src=\"http:\/\/www.eva.sundstrom.st\/wp-content\/upload\/dsc04133.jpg\" alt=\"dsc04133\" title=\"dsc04133\" width=\"431\" height=\"438\" class=\"aligncenter size-full wp-image-1174\" srcset=\"https:\/\/eva.sundstrom.st\/wp-content\/upload\/dsc04133.jpg 431w, https:\/\/eva.sundstrom.st\/wp-content\/upload\/dsc04133-295x300.jpg 295w\" sizes=\"auto, (max-width: 431px) 100vw, 431px\" \/> <\/p>\n<p>Som vanligt \u00e4r det sv\u00e5rt f\u00e5 fram r\u00e4ttvisa \u00e5t f\u00e4rgen. Ser s\u00e5 blek ut p\u00e5 korten.<\/p>\n<p>F\u00f6rra \u00e5ret den 28\/3 ink\u00f6ptes <a href=\"http:\/\/www.eva.sundstrom.st\/?p=584\">detta<\/a><br \/>\nDet var d\u00e5 det.<\/p>\n<p>V\u00e5rkragen v\u00e4xer numera h\u00e4r till h\u00f6ger om stenen<\/p>\n<p><img loading=\"lazy\" decoding=\"async\" src=\"http:\/\/www.eva.sundstrom.st\/wp-content\/upload\/dsc04135.jpg\" alt=\"dsc04135\" title=\"dsc04135\" width=\"374\" height=\"287\" class=\"aligncenter size-full wp-image-1180\" srcset=\"https:\/\/eva.sundstrom.st\/wp-content\/upload\/dsc04135.jpg 374w, https:\/\/eva.sundstrom.st\/wp-content\/upload\/dsc04135-300x230.jpg 300w\" sizes=\"auto, (max-width: 374px) 100vw, 374px\" \/><\/p>\n<p>Den hade faktiskt ocks\u00e5 b\u00f6rjat visa livstecken innan sn\u00f6n kom. Hoppas den inte tar skada.<br \/>\nMontbretsian d\u00e4remot har inte visat n\u00e5gra livstecken \u00e4nnu.<br \/>\nOm det beror p\u00e5 sen plantering eller kallt v\u00e4der kanske vi inte beh\u00f6ver diskutera.<\/p>\n<p>Ha det gott i v\u00e4ntan  p\u00e5 v\u00e5ren!<\/p>\n","protected":false},"excerpt":{"rendered":"<p>S\u00e5 vr\u00e4kte det ner sn\u00f6 igen. Hela dagen i g\u00e5r sn\u00f6ade det. Det lugnade sig lite i g\u00e5r kv\u00e4ll men i morsse sn\u00f6ade det igen. Det gav sig fram p\u00e5 f\u00f6rmiddagen och solen har v\u00e5gat kika fram lite d\u00e5 o d\u00e5. Det \u00e4r h\u00e4r vid tr\u00e4dets fot som mina sn\u00f6droppar v\u00e4xer Dom kommer v\u00e4ll fram [&hellip;]<\/p>\n","protected":false},"author":1,"featured_media":0,"comment_status":"open","ping_status":"open","sticky":false,"template":"","format":"standard","meta":{"footnotes":""},"categories":[4,5],"tags":[],"class_list":["post-1170","post","type-post","status-publish","format-standard","hentry","category-allmant","category-fran-garnlagret"],"_links":{"self":[{"href":"https:\/\/eva.sundstrom.st\/index.php?rest_route=\/wp\/v2\/posts\/1170","targetHints":{"allow":["GET"]}}],"collection":[{"href":"https:\/\/eva.sundstrom.st\/index.php?rest_route=\/wp\/v2\/posts"}],"about":[{"href":"https:\/\/eva.sundstrom.st\/index.php?rest_route=\/wp\/v2\/types\/post"}],"author":[{"embeddable":true,"href":"https:\/\/eva.sundstrom.st\/index.php?rest_route=\/wp\/v2\/users\/1"}],"replies":[{"embeddable":true,"href":"https:\/\/eva.sundstrom.st\/index.php?rest_route=%2Fwp%2Fv2%2Fcomments&post=1170"}],"version-history":[{"count":7,"href":"https:\/\/eva.sundstrom.st\/index.php?rest_route=\/wp\/v2\/posts\/1170\/revisions"}],"predecessor-version":[{"id":1183,"href":"https:\/\/eva.sundstrom.st\/index.php?rest_route=\/wp\/v2\/posts\/1170\/revisions\/1183"}],"wp:attachment":[{"href":"https:\/\/eva.sundstrom.st\/index.php?rest_route=%2Fwp%2Fv2%2Fmedia&parent=1170"}],"wp:term":[{"taxonomy":"category","embeddable":true,"href":"https:\/\/eva.sundstrom.st\/index.php?rest_route=%2Fwp%2Fv2%2Fcategories&post=1170"},{"taxonomy":"post_tag","embeddable":true,"href":"https:\/\/eva.sundstrom.st\/index.php?rest_route=%2Fwp%2Fv2%2Ftags&post=1170"}],"curies":[{"name":"wp","href":"https:\/\/api.w.org\/{rel}","templated":true}]}}