{"id":1191,"date":"2009-04-05T21:43:25","date_gmt":"2009-04-05T20:43:25","guid":{"rendered":"http:\/\/www.eva.sundstrom.st\/?p=1191"},"modified":"2009-04-05T21:48:52","modified_gmt":"2009-04-05T20:48:52","slug":"blandad-kompott-innehallande-blommor-garn-agg-och-bok","status":"publish","type":"post","link":"https:\/\/eva.sundstrom.st\/?p=1191","title":{"rendered":"Blandad kompott inneh"},"content":{"rendered":"<p><img loading=\"lazy\" decoding=\"async\" src=\"http:\/\/www.eva.sundstrom.st\/wp-content\/upload\/dsc041381.jpg\" alt=\"dsc041381\" title=\"dsc041381\" width=\"276\" height=\"368\" class=\"alignright size-full wp-image-1192\" srcset=\"https:\/\/eva.sundstrom.st\/wp-content\/upload\/dsc041381.jpg 276w, https:\/\/eva.sundstrom.st\/wp-content\/upload\/dsc041381-225x300.jpg 225w\" sizes=\"auto, (max-width: 276px) 100vw, 276px\" \/>Fr\u00e5n garnlagret anv\u00e4nde jag drygt ett nystan<\/p>\n<p>tv\u00e5tr\u00e5digt ullgarn till denna sjal.<\/p>\n<p>Fick tipps om m\u00f6nstret<\/p>\n<p>fr\u00e5n <a href=\"http:\/\/mettasblogg.blogspot.com\/\">Metta<\/a><\/p>\n<p>Tack f\u00f6r hj\u00e4lpen Metta<\/p>\n<p>    \ud83d\ude09       \ud83d\ude09<\/p>\n<p>I onsdags var det en bra dag.<\/p>\n<p>F\u00f6rst var jag till tandl\u00e4laren.<\/p>\n<p>Det var fort avklarat.<\/p>\n<p>Bara lite tandsten som skulle v\u00e4ck.<\/p>\n<p>Sedan blev det stopp vid en blomsteraff\u00e4r<\/p>\n<p>och n\u00e4r jag kom hem blev det v\u00e5r i min blomsterkorg.<\/p>\n<p><img loading=\"lazy\" decoding=\"async\" src=\"http:\/\/www.eva.sundstrom.st\/wp-content\/upload\/dsc04145.jpg\" alt=\"dsc04145\" title=\"dsc04145\" width=\"368\" height=\"276\" class=\"alignleft size-full wp-image-1205\" srcset=\"https:\/\/eva.sundstrom.st\/wp-content\/upload\/dsc04145.jpg 368w, https:\/\/eva.sundstrom.st\/wp-content\/upload\/dsc04145-300x225.jpg 300w\" sizes=\"auto, (max-width: 368px) 100vw, 368px\" \/><br \/>\n                                 P\u00e5 eftermiddagen var det APT<\/p>\n<p>och sedan var det hem  f\u00f6r att \u00e4ta lite mat.<\/p>\n<p>Med m\u00e4tt mage \u00e5kte jag och<\/p>\n<p> en v\u00e4ninna till Kampes.<\/p>\n<p>D\u00e4r uts\u00e4tts man f\u00f6r <\/p>\n<p>om\u00e4tliga frestelser.<\/p>\n<p>I alla fall om man varit garnf\u00f6r\u00e5det <\/p>\n<p>trogen och inte k\u00f6pt n\u00e5got nytt garn p\u00e5<\/p>\n<p>tre hela m\u00e5nader. D\u00e5 g\u00e5r det som det g\u00e5r.<img loading=\"lazy\" decoding=\"async\" src=\"http:\/\/www.eva.sundstrom.st\/wp-content\/upload\/dsc04146.jpg\" alt=\"dsc04146\" title=\"dsc04146\" width=\"368\" height=\"276\" class=\"alignright size-full wp-image-1206\" srcset=\"https:\/\/eva.sundstrom.st\/wp-content\/upload\/dsc04146.jpg 368w, https:\/\/eva.sundstrom.st\/wp-content\/upload\/dsc04146-300x225.jpg 300w\" sizes=\"auto, (max-width: 368px) 100vw, 368px\" \/><\/p>\n<p>Jag skulle BARA k\u00f6pa en v\u00e4vsked<\/p>\n<p>till jobbet. <\/p>\n<p>Urs\u00e4kter finns ju.<br \/>\nBara lite nytt till r\u00e4nder f\u00f6r att<br \/>\npigga upp strumporna som stickas<br \/>\nfr\u00e5n lagret.<\/p>\n<p>Och lite nytt kan man v\u00e4ll beh\u00f6va<br \/>\npigga upp sig sj\u00e4lv med.<\/p>\n<p>Det gick s\u00e5 fort att jag fick<br \/>\nmed tv\u00e5 olika bl\u00e5 h\u00e4rvor.<br \/>\nDet kan ju sluta med ytterligare ett<br \/>\nbes\u00f6k f\u00f6r att byta den felande h\u00e4rvan. Det \u00e4r ju som det \u00e4r med f\u00e4rger och kort men det bl\u00e5 garnet \u00e4r melerat.<br \/>\nEn  dag som bara bj\u00f6d p\u00e5 trevliga saker och solsken.<\/p>\n<p>En dag l\u00e5g ett paket i v\u00e5r postl\u00e5da. Verkligen en glad \u00f6verraskning.<\/p>\n<p><img loading=\"lazy\" decoding=\"async\" src=\"http:\/\/www.eva.sundstrom.st\/wp-content\/upload\/dsc04149.jpg\" alt=\"dsc04149\" title=\"dsc04149\" width=\"479\" height=\"301\" class=\"aligncenter size-full wp-image-1227\" srcset=\"https:\/\/eva.sundstrom.st\/wp-content\/upload\/dsc04149.jpg 479w, https:\/\/eva.sundstrom.st\/wp-content\/upload\/dsc04149-300x188.jpg 300w\" sizes=\"auto, (max-width: 479px) 100vw, 479px\" \/><\/p>\n<p>Nu min v\u00e4n f\u00e5r du g\u00e5 in och r\u00e4tta mig om jag har fel!<\/p>\n<p>Om jag f\u00f6rst\u00e5tt r\u00e4tt \u00e4r detta porslins\u00e4gg hon k\u00f6pt fr\u00e5n Tyskland och sedan handm\u00e5lat och krackelerat.<br \/>\nEn g\u00e5va fr\u00e5n v\u00e5r <a href=\"http:\/\/www.elsiesporslin.com\/\">granne<\/a><br \/>\nHar \u00e4nnu inte kunnat best\u00e4mma mig f\u00f6r var dom ska f\u00e5 h\u00e4nga s\u00e5 dom f\u00e5r vila p\u00e5 mitt garn en stund. S\u00e5 vill jag p\u00e5 detta s\u00e4tt framf\u00f6ra mitt varma och stora <strong>TACK.<\/strong><\/p>\n<p>Vet ju att du tittar in d\u00e5 och d\u00e5 \u00e4ven om du inte l\u00e4mnar n\u00e5gra sp\u00e5r.<\/p>\n<p>Skulle l\u00e5na gamla m\u00f6nstertidningar av \u00e4nnu en v\u00e4n. De h\u00e4ngde i en kasse p\u00e5 d\u00f6rren en eftermiddag.<br \/>\n  Flera h\u00e4rliga tidningar som man m\u00e5ste titta m\u00e5nga g\u00e5nger i. <\/p>\n<p>En bok l\u00e5g d\u00e4r ocks\u00e5. <\/p>\n<p><img loading=\"lazy\" decoding=\"async\" src=\"http:\/\/www.eva.sundstrom.st\/wp-content\/upload\/dsc04142.jpg\" alt=\"dsc04142\" title=\"dsc04142\" width=\"259\" height=\"373\" class=\"aligncenter size-full wp-image-1232\" srcset=\"https:\/\/eva.sundstrom.st\/wp-content\/upload\/dsc04142.jpg 259w, https:\/\/eva.sundstrom.st\/wp-content\/upload\/dsc04142-208x300.jpg 208w\" sizes=\"auto, (max-width: 259px) 100vw, 259px\" \/><\/p>\n<p> Den var mer \u00e4n l\u00e4ttl\u00e4st.<br \/>\nSvart magi!  B\u00e4st man passar sina tankar.<\/p>\n<p><img loading=\"lazy\" decoding=\"async\" src=\"http:\/\/www.eva.sundstrom.st\/wp-content\/upload\/dsc04143.jpg\" alt=\"dsc04143\" title=\"dsc04143\" width=\"342\" height=\"291\" class=\"aligncenter size-full wp-image-1233\" srcset=\"https:\/\/eva.sundstrom.st\/wp-content\/upload\/dsc04143.jpg 342w, https:\/\/eva.sundstrom.st\/wp-content\/upload\/dsc04143-300x255.jpg 300w\" sizes=\"auto, (max-width: 342px) 100vw, 342px\" \/><\/p>\n<p>Tacksam om ni bara t\u00e4nker goda tankar.<\/p>\n<p>\u00d6nskar er alla en bra vecka.<\/p>\n","protected":false},"excerpt":{"rendered":"<p>Fr\u00e5n garnlagret anv\u00e4nde jag drygt ett nystan tv\u00e5tr\u00e5digt ullgarn till denna sjal. Fick tipps om m\u00f6nstret fr\u00e5n Metta Tack f\u00f6r hj\u00e4lpen Metta \ud83d\ude09 \ud83d\ude09 I onsdags var det en bra dag. F\u00f6rst var jag till tandl\u00e4laren. Det var fort avklarat. Bara lite tandsten som skulle v\u00e4ck. Sedan blev det stopp vid en blomsteraff\u00e4r och n\u00e4r [&hellip;]<\/p>\n","protected":false},"author":1,"featured_media":0,"comment_status":"open","ping_status":"open","sticky":false,"template":"","format":"standard","meta":{"footnotes":""},"categories":[4,3,5],"tags":[],"class_list":["post-1191","post","type-post","status-publish","format-standard","hentry","category-allmant","category-bocker","category-fran-garnlagret"],"_links":{"self":[{"href":"https:\/\/eva.sundstrom.st\/index.php?rest_route=\/wp\/v2\/posts\/1191","targetHints":{"allow":["GET"]}}],"collection":[{"href":"https:\/\/eva.sundstrom.st\/index.php?rest_route=\/wp\/v2\/posts"}],"about":[{"href":"https:\/\/eva.sundstrom.st\/index.php?rest_route=\/wp\/v2\/types\/post"}],"author":[{"embeddable":true,"href":"https:\/\/eva.sundstrom.st\/index.php?rest_route=\/wp\/v2\/users\/1"}],"replies":[{"embeddable":true,"href":"https:\/\/eva.sundstrom.st\/index.php?rest_route=%2Fwp%2Fv2%2Fcomments&post=1191"}],"version-history":[{"count":41,"href":"https:\/\/eva.sundstrom.st\/index.php?rest_route=\/wp\/v2\/posts\/1191\/revisions"}],"predecessor-version":[{"id":1239,"href":"https:\/\/eva.sundstrom.st\/index.php?rest_route=\/wp\/v2\/posts\/1191\/revisions\/1239"}],"wp:attachment":[{"href":"https:\/\/eva.sundstrom.st\/index.php?rest_route=%2Fwp%2Fv2%2Fmedia&parent=1191"}],"wp:term":[{"taxonomy":"category","embeddable":true,"href":"https:\/\/eva.sundstrom.st\/index.php?rest_route=%2Fwp%2Fv2%2Fcategories&post=1191"},{"taxonomy":"post_tag","embeddable":true,"href":"https:\/\/eva.sundstrom.st\/index.php?rest_route=%2Fwp%2Fv2%2Ftags&post=1191"}],"curies":[{"name":"wp","href":"https:\/\/api.w.org\/{rel}","templated":true}]}}