{"id":1352,"date":"2009-05-08T21:33:50","date_gmt":"2009-05-08T20:33:50","guid":{"rendered":"http:\/\/www.eva.sundstrom.st\/?p=1352"},"modified":"2009-05-08T21:33:50","modified_gmt":"2009-05-08T20:33:50","slug":"visst","status":"publish","type":"post","link":"https:\/\/eva.sundstrom.st\/?p=1352","title":{"rendered":"Visst"},"content":{"rendered":"<p>g\u00f6r jag vissa framsteg, men det g\u00e5r sakta.<\/p>\n<p>Ser \u00e4nd\u00e5 slutet n\u00e4rma sig p\u00e5 ufot som har prio 1. \ud83d\ude42<br \/>\nUfo 2 \u00e4r roligt att jobba med men ingen raketfart d\u00e4r inte.<\/p>\n<p><img loading=\"lazy\" decoding=\"async\" src=\"http:\/\/www.eva.sundstrom.st\/wp-content\/upload\/dsc04254.jpg\" alt=\"dsc04254\" title=\"dsc04254\" width=\"421\" height=\"281\" class=\"aligncenter size-full wp-image-1354\" srcset=\"https:\/\/eva.sundstrom.st\/wp-content\/upload\/dsc04254.jpg 421w, https:\/\/eva.sundstrom.st\/wp-content\/upload\/dsc04254-300x200.jpg 300w\" sizes=\"auto, (max-width: 421px) 100vw, 421px\" \/><\/p>\n<p> F\u00f6r \u00f6vrigt har projektsjukan fortfarande ett stadigt grepp om mig. Har faktiskt en tendens att f\u00f6rst\u00e4rkas.<\/p>\n<p>F\u00f6rs\u00f6kte mig p\u00e5 att sy nya gardiner i dag och grrrrrrrrrrrr.  \ud83d\ude41<br \/>\nDet m\u00e5ste vara n\u00e5got fel p\u00e5 mitt m\u00e5ttband<\/p>\n<p>F\u00e5r se om dom blir klara n\u00e5gon annan dag.<\/p>\n<p>Kameran har tagit semester ( eller s\u00e5 beror det p\u00e5 att det inte finns n\u00e5got klart att ta kort p\u00e5) s\u00e5 det blir inga nya handarbetsbilder.<\/p>\n<p>M\u00e5nga av oss tycker ju att tiden g\u00e5r alldeles f\u00f6r fort eller att den helt enkelt \u00e4r f\u00f6r kort.<br \/>\nT\u00e4nk vad vi skulle stressa upp oss om vi nu hade n\u00e5gra timmar till per dygn i en veckas tid.<\/p>\n<p>D\u00e5 var vi ju tvingade att hinna med allt det d\u00e4r vi inte hinner annars.<\/p>\n<p>En dag n\u00e4r jag klagade p\u00e5 tidens framfart sade kloka M. Det \u00e4r ju du som best\u00e4mer vad som \u00e4r viktigt att hinna med.<br \/>\nHur l\u00e4r man sig att prioritera r\u00e4tt?<\/p>\n<p>F\u00f6r n\u00e5gon vecka sedan h\u00e4lsade jag p\u00e5 en f\u00f6re detta kollega A och hennes man G.<br \/>\n\u00c4r verkligen glad att det blev av.<br \/>\n\u00c4r glad f\u00f6r att ni korsade min v\u00e4g s\u00e5 att vi fick m\u00f6tas.<br \/>\nP\u00e5 mitt skrivbord st\u00e5r en vit \u00e4ngel. Ja, jag vet att  ni inte gjort dom och att det finns m\u00e5nga likadana men f\u00f6r mig \u00e4r den speciell.<\/p>\n<p>Kan med gott samvete ber\u00e4tta att jag  inte har repat upp felet.<br \/>\nTack A, f\u00f6rdom orden du sa.<br \/>\nDet \u00e4r s\u00e5 sant att ingenting kan vara helt perfekt.<br \/>\nKram till er  och all trogna bloggl\u00e4sare.<br \/>\nHa det gott<\/p>\n","protected":false},"excerpt":{"rendered":"<p>g\u00f6r jag vissa framsteg, men det g\u00e5r sakta. Ser \u00e4nd\u00e5 slutet n\u00e4rma sig p\u00e5 ufot som har prio 1. \ud83d\ude42 Ufo 2 \u00e4r roligt att jobba med men ingen raketfart d\u00e4r inte. F\u00f6r \u00f6vrigt har projektsjukan fortfarande ett stadigt grepp om mig. Har faktiskt en tendens att f\u00f6rst\u00e4rkas. F\u00f6rs\u00f6kte mig p\u00e5 att sy nya gardiner [&hellip;]<\/p>\n","protected":false},"author":1,"featured_media":0,"comment_status":"open","ping_status":"open","sticky":false,"template":"","format":"standard","meta":{"footnotes":""},"categories":[4],"tags":[],"class_list":["post-1352","post","type-post","status-publish","format-standard","hentry","category-allmant"],"_links":{"self":[{"href":"https:\/\/eva.sundstrom.st\/index.php?rest_route=\/wp\/v2\/posts\/1352","targetHints":{"allow":["GET"]}}],"collection":[{"href":"https:\/\/eva.sundstrom.st\/index.php?rest_route=\/wp\/v2\/posts"}],"about":[{"href":"https:\/\/eva.sundstrom.st\/index.php?rest_route=\/wp\/v2\/types\/post"}],"author":[{"embeddable":true,"href":"https:\/\/eva.sundstrom.st\/index.php?rest_route=\/wp\/v2\/users\/1"}],"replies":[{"embeddable":true,"href":"https:\/\/eva.sundstrom.st\/index.php?rest_route=%2Fwp%2Fv2%2Fcomments&post=1352"}],"version-history":[{"count":6,"href":"https:\/\/eva.sundstrom.st\/index.php?rest_route=\/wp\/v2\/posts\/1352\/revisions"}],"predecessor-version":[{"id":1359,"href":"https:\/\/eva.sundstrom.st\/index.php?rest_route=\/wp\/v2\/posts\/1352\/revisions\/1359"}],"wp:attachment":[{"href":"https:\/\/eva.sundstrom.st\/index.php?rest_route=%2Fwp%2Fv2%2Fmedia&parent=1352"}],"wp:term":[{"taxonomy":"category","embeddable":true,"href":"https:\/\/eva.sundstrom.st\/index.php?rest_route=%2Fwp%2Fv2%2Fcategories&post=1352"},{"taxonomy":"post_tag","embeddable":true,"href":"https:\/\/eva.sundstrom.st\/index.php?rest_route=%2Fwp%2Fv2%2Ftags&post=1352"}],"curies":[{"name":"wp","href":"https:\/\/api.w.org\/{rel}","templated":true}]}}