{"id":136,"date":"2007-07-16T21:58:47","date_gmt":"2007-07-16T20:58:47","guid":{"rendered":"http:\/\/www.eva.sundstrom.st\/?p=136"},"modified":"2007-07-17T06:11:04","modified_gmt":"2007-07-17T05:11:04","slug":"pa-dagens","status":"publish","type":"post","link":"https:\/\/eva.sundstrom.st\/?p=136","title":{"rendered":"P"},"content":{"rendered":"<p>morgonpromenad  tog jag med kameran f\u00f6r att sammla n\u00e5gra minnen. Har inte riktigt koll p\u00e5 hur m\u00e5nga morgonpromenader vi g\u00e5tt nu, Sampa o jag, men detta var ialla fall den andra i riktigt sommarv\u00e4der.  <a href='http:\/\/www.eva.sundstrom.st\/wp-content\/upload\/dsc00415.jpg' title='dsc00415.jpg'><img src='http:\/\/www.eva.sundstrom.st\/wp-content\/upload\/dsc00415.tumnagel.jpg' alt='dsc00415.jpg' \/><\/a> Lilla hunden var lycklig, det \u00e4r jag helt s\u00e4ker p\u00e5. Han fick springa l\u00f6s en hel del och han var s\u00e5 lydig. D\u00e4rav tron att han var lycklig, n\u00e4r han  jagade efter sin pinne glatt skuttande \u00f6ver stock och sten. Sedan satt han sn\u00e4llt och v\u00e4ntade medan jag f\u00f6rs\u00f6kte ta kort. Det \u00e4r roligt att kn\u00e4ppa med kameran men d\u00e4r finns mycke att l\u00e4ra.<\/p>\n<p>Sm\u00e5 kantareller stack upp sina gula hattar   <a href='http:\/\/www.eva.sundstrom.st\/wp-content\/upload\/dsc00411.jpg' title='dsc00411.jpg'><img src='http:\/\/www.eva.sundstrom.st\/wp-content\/upload\/dsc00411.tumnagel.jpg' alt='dsc00411.jpg' \/><\/a> <\/p>\n<p>Vet n\u00e5gon vad dessa blommor heter.<br \/>\n<a href='http:\/\/www.eva.sundstrom.st\/wp-content\/upload\/dsc00414.jpg' title='dsc00414.jpg'><img src='http:\/\/www.eva.sundstrom.st\/wp-content\/upload\/dsc00414.tumnagel.jpg' alt='dsc00414.jpg' \/><\/a> .   .   .   .  .  .   .   .  .  .  .  .  .  .  .  <a href='http:\/\/www.eva.sundstrom.st\/wp-content\/upload\/dsc00423.jpg' title='dsc00423.jpg'><img src='http:\/\/www.eva.sundstrom.st\/wp-content\/upload\/dsc00423.tumnagel.jpg' alt='dsc00423.jpg' \/><\/a><\/p>\n<p>Dom v\u00e4xer p\u00e5 n\u00e5gra st\u00e4llen utmed v\u00e5r stig. Kan det var orkidesl\u00e4kt?<\/p>\n<p>Dessa gula sm\u00e5 sk\u00f6nheter finns det gott om min v\u00e4n A som  kan det h\u00e4r med vilda blommor har m\u00e5nga g\u00e5nger sagt vad dom heter.      <a href='http:\/\/www.eva.sundstrom.st\/wp-content\/upload\/dsc00420.jpg' title='dsc00420.jpg'><img src='http:\/\/www.eva.sundstrom.st\/wp-content\/upload\/dsc00420.tumnagel.jpg' alt='dsc00420.jpg' \/><\/a>      Tror ni jag minns? Neej .<\/p>\n<p>S\u00e5 fastnade jag f\u00f6r gr\u00e4s. . <a href='http:\/\/www.eva.sundstrom.st\/wp-content\/upload\/dsc00410.jpg' title='dsc00410.jpg'><img src='http:\/\/www.eva.sundstrom.st\/wp-content\/upload\/dsc00410.tumnagel.jpg' alt='dsc00410.jpg' \/><\/a> .  .  .    <a href='http:\/\/www.eva.sundstrom.st\/wp-content\/upload\/dsc00426.jpg' title='dsc00426.jpg'><img src='http:\/\/www.eva.sundstrom.st\/wp-content\/upload\/dsc00426.tumnagel.jpg' alt='dsc00426.jpg' \/><\/a>                                                  <\/p>\n<p>S\u00e5 skirt vajande i solenskenet<\/p>\n<p>Tistlar, vassa och ot\u00e4cka men s\u00e5 vackra. Detta m\u00e5ste v\u00e4ll vara knoppar?<\/p>\n<p><a href='http:\/\/www.eva.sundstrom.st\/wp-content\/upload\/dsc00430.jpg' title='dsc00430.jpg'><img src='http:\/\/www.eva.sundstrom.st\/wp-content\/upload\/dsc00430.tumnagel.jpg' alt='dsc00430.jpg' \/><\/a><\/p>\n<p>Till sist g\u00e5r vi f\u00f6rbi digitalisen igen. Aj d\u00e5, Toppen kom  inte med men visst \u00e4r den vcker!.<\/p>\n<p><a href='http:\/\/www.eva.sundstrom.st\/wp-content\/upload\/dsc00433.jpg' title='dsc00433.jpg'><img src='http:\/\/www.eva.sundstrom.st\/wp-content\/upload\/dsc00433.tumnagel.jpg' alt='dsc00433.jpg' \/><\/a><\/p>\n<p>D\u00e4r tog bateriet i kameran slut s\u00e5 jag kunde inte r\u00e4tta till det heller. Bara att g\u00e5 hem och ladda.<\/p>\n<p>\u00c5kte till aff\u00e4ren som s\u00e4ljer byggmaterial och k\u00f6pte mig en tretexskiva och lite plast.<br \/>\nHem igen och leta reda p\u00e5 ett lakan bland mattrasorna.<br \/>\nSp\u00e4nde fast plasten och lakanet runt skivan och s\u00e5 har jag \u00e4ntligen f\u00e5tt till en skiva d\u00e4r jag kan sp\u00e4nna ut mina sjalar. <\/p>\n<p>Den vita sjalen \u00e4r klar nu.  .  .  .  .  .<a href='http:\/\/www.eva.sundstrom.st\/wp-content\/upload\/dsc00435.jpg' title='dsc00435.jpg'><img src='http:\/\/www.eva.sundstrom.st\/wp-content\/upload\/dsc00435.tumnagel.jpg' alt='dsc00435.jpg' \/><\/a><br \/>\nSisalgarnet kom snabbt p\u00e5 stickorna.<br \/>\nDet \u00e4r lite stelt och tungt f\u00f6r handlederna. F\u00e5r ta det lite f\u00f6rsiktigt.<br \/>\n Vi h\u00f6rs.<\/p>\n","protected":false},"excerpt":{"rendered":"<p>morgonpromenad tog jag med kameran f\u00f6r att sammla n\u00e5gra minnen. Har inte riktigt koll p\u00e5 hur m\u00e5nga morgonpromenader vi g\u00e5tt nu, Sampa o jag, men detta var ialla fall den andra i riktigt sommarv\u00e4der. Lilla hunden var lycklig, det \u00e4r jag helt s\u00e4ker p\u00e5. Han fick springa l\u00f6s en hel del och han var s\u00e5 [&hellip;]<\/p>\n","protected":false},"author":1,"featured_media":0,"comment_status":"open","ping_status":"open","sticky":false,"template":"","format":"standard","meta":{"footnotes":""},"categories":[1],"tags":[],"class_list":["post-136","post","type-post","status-publish","format-standard","hentry","category-uncategorized"],"_links":{"self":[{"href":"https:\/\/eva.sundstrom.st\/index.php?rest_route=\/wp\/v2\/posts\/136","targetHints":{"allow":["GET"]}}],"collection":[{"href":"https:\/\/eva.sundstrom.st\/index.php?rest_route=\/wp\/v2\/posts"}],"about":[{"href":"https:\/\/eva.sundstrom.st\/index.php?rest_route=\/wp\/v2\/types\/post"}],"author":[{"embeddable":true,"href":"https:\/\/eva.sundstrom.st\/index.php?rest_route=\/wp\/v2\/users\/1"}],"replies":[{"embeddable":true,"href":"https:\/\/eva.sundstrom.st\/index.php?rest_route=%2Fwp%2Fv2%2Fcomments&post=136"}],"version-history":[{"count":0,"href":"https:\/\/eva.sundstrom.st\/index.php?rest_route=\/wp\/v2\/posts\/136\/revisions"}],"wp:attachment":[{"href":"https:\/\/eva.sundstrom.st\/index.php?rest_route=%2Fwp%2Fv2%2Fmedia&parent=136"}],"wp:term":[{"taxonomy":"category","embeddable":true,"href":"https:\/\/eva.sundstrom.st\/index.php?rest_route=%2Fwp%2Fv2%2Fcategories&post=136"},{"taxonomy":"post_tag","embeddable":true,"href":"https:\/\/eva.sundstrom.st\/index.php?rest_route=%2Fwp%2Fv2%2Ftags&post=136"}],"curies":[{"name":"wp","href":"https:\/\/api.w.org\/{rel}","templated":true}]}}