{"id":1457,"date":"2009-06-17T20:30:13","date_gmt":"2009-06-17T19:30:13","guid":{"rendered":"http:\/\/www.eva.sundstrom.st\/?p=1457"},"modified":"2009-06-17T20:30:13","modified_gmt":"2009-06-17T19:30:13","slug":"fredag-090612","status":"publish","type":"post","link":"https:\/\/eva.sundstrom.st\/?p=1457","title":{"rendered":"Fredag 090612"},"content":{"rendered":"<p>Den sista veckan har det varit en del sv\u00e4ngningar och undanflykter. Kanske rent av n\u00e5gra vita sm\u00e5l\u00f6gner.<\/p>\n<p>Det skulle ju bli en \u00f6verraskning f\u00f6r v\u00e5r student att alla syskon var med upp till h\u00f6ga nord.<\/p>\n<p>Far i huset fick g\u00f6ra en utryckning p\u00e5 torsdagen f\u00f6r att st\u00f6tta i flyttst\u00e4d och f\u00f6r att kunna packa undan grejer. Alla utrymmen ska ju st\u00e4das.<br \/>\nAtt inte mamma var med f\u00f6rklarades av att faster ville vara med p\u00e5 avslutningen s\u00e5 jag skulle \u00e5ka med henne och komma p\u00e5 fredag f\u00f6rmiddag.<\/p>\n<p><img loading=\"lazy\" decoding=\"async\" src=\"http:\/\/www.eva.sundstrom.st\/wp-content\/upload\/dsc04458.jpg\" alt=\"dsc04458\" title=\"dsc04458\" width=\"234\" height=\"391\" class=\"alignright size-full wp-image-1459\" srcset=\"https:\/\/eva.sundstrom.st\/wp-content\/upload\/dsc04458.jpg 234w, https:\/\/eva.sundstrom.st\/wp-content\/upload\/dsc04458-179x300.jpg 179w\" sizes=\"auto, (max-width: 234px) 100vw, 234px\" \/><br \/>\nAllt enligt planerna startar vi resan mot Arjeplog och<br \/>\nstannar i Arvidsjaur f\u00f6r att traditionsenligt inta en fika. <\/p>\n<p>Nu har jag helt tappat vad fiket<br \/>\nheter men det \u00e4r trevligt att stanna till d\u00e4r.<\/p>\n<p>Mycket gamla saker framplockade som f\u00f6rh\u00f6jer st\u00e4mningen.<\/p>\n<p>Nu var det v\u00e4ll bara f\u00f6r mig det var tradition,<br \/>\noch sv\u00e4gerskan kanske,<br \/>\n\u00f6vriga medresen\u00e4rer har aldrig tidigare varit d\u00e4r.<\/p>\n<p><img loading=\"lazy\" decoding=\"async\" src=\"http:\/\/www.eva.sundstrom.st\/wp-content\/upload\/dsc04459.jpg\" alt=\"dsc04459\" title=\"dsc04459\" width=\"311\" height=\"234\" class=\"aligncenter size-full wp-image-1465\" srcset=\"https:\/\/eva.sundstrom.st\/wp-content\/upload\/dsc04459.jpg 311w, https:\/\/eva.sundstrom.st\/wp-content\/upload\/dsc04459-300x225.jpg 300w\" sizes=\"auto, (max-width: 311px) 100vw, 311px\" \/><\/p>\n<p>V\u00e4l framme i Arjeplog m\u00f6tte vi maken p\u00e5 torget. Studenten var ju i skolan och vi skulle passa p\u00e5 att \u00e4ta en bit mat.<\/p>\n<p>Vi samlar ihop oss och ska g\u00e5 \u00f6ver gatan ner mot Math\u00f6rnan.<\/p>\n<p><img loading=\"lazy\" decoding=\"async\" src=\"http:\/\/www.eva.sundstrom.st\/wp-content\/upload\/dsc044631.jpg\" alt=\"dsc044631\" title=\"dsc044631\" width=\"283\" height=\"177\" class=\"aligncenter size-full wp-image-1476\" \/><\/p>\n<p>Vem tror ni vi f\u00e5r se p\u00e5 andra sidan gatan.<br \/>\nJo d\u00e4r kommer yngste sonen,f\u00f6r dagen kallad studenten, han som vi trodde var i skolan!<br \/>\nS\u00e5 avsl\u00f6jade han oss p\u00e5 en g\u00e5ng men \u00f6verraskningen blev ju inte mindre f\u00f6r det. Snarare blev det \u00e4nnu b\u00e4ttre s\u00e5 h\u00e4r. Nu hann han ju f\u00f6lja med och \u00e4ta tillsammans med hela familjen.<\/p>\n<p><img loading=\"lazy\" decoding=\"async\" src=\"http:\/\/www.eva.sundstrom.st\/wp-content\/upload\/dsc04467.jpg\" alt=\"dsc04467\" title=\"dsc04467\" width=\"184\" height=\"97\" class=\"aligncenter size-full wp-image-1482\" \/><br \/>\nKl.13.00 var det avslutning i gympasalen.<br \/>\nTal h\u00f6lls av studenter, l\u00e4rare och<br \/>\nrektorn<\/p>\n<p><img loading=\"lazy\" decoding=\"async\" src=\"http:\/\/www.eva.sundstrom.st\/wp-content\/upload\/dsc04474.jpg\" alt=\"dsc04474\" title=\"dsc04474\" width=\"206\" height=\"200\" class=\"aligncenter size-full wp-image-1479\" \/><\/p>\n<p>och  kommunalr\u00e5det<\/p>\n<p><img loading=\"lazy\" decoding=\"async\" src=\"http:\/\/www.eva.sundstrom.st\/wp-content\/upload\/dsc04477.jpg\" alt=\"dsc04477\" title=\"dsc04477\" width=\"207\" height=\"186\" class=\"aligncenter size-full wp-image-1480\" \/><\/p>\n<p>En av studenterna spelade piano. Alldeles underbart. Han \u00e4r verkligen duktig p\u00e5 det.<\/p>\n<p>Sedan fick f\u00f6r\u00e4ldrar och sl\u00e4ktingar lov att g\u00e5 ut medan elever o l\u00e4rare tog adj\u00f6 av varandra.<br \/>\nN\u00e4r det var \u00f6verst\u00f6kat fick vi ta emot v\u00e5ra studenter.<\/p>\n<p><img loading=\"lazy\" decoding=\"async\" src=\"http:\/\/www.eva.sundstrom.st\/wp-content\/upload\/dsc04591.jpg\" alt=\"dsc04591\" title=\"dsc04591\" width=\"470\" height=\"248\" class=\"aligncenter size-full wp-image-1484\" srcset=\"https:\/\/eva.sundstrom.st\/wp-content\/upload\/dsc04591.jpg 470w, https:\/\/eva.sundstrom.st\/wp-content\/upload\/dsc04591-300x158.jpg 300w\" sizes=\"auto, (max-width: 470px) 100vw, 470px\" \/><\/p>\n<p><img loading=\"lazy\" decoding=\"async\" src=\"http:\/\/www.eva.sundstrom.st\/wp-content\/upload\/dsc04567.jpg\" alt=\"dsc04567\" title=\"dsc04567\" width=\"460\" height=\"156\" class=\"aligncenter size-full wp-image-1487\" srcset=\"https:\/\/eva.sundstrom.st\/wp-content\/upload\/dsc04567.jpg 460w, https:\/\/eva.sundstrom.st\/wp-content\/upload\/dsc04567-300x101.jpg 300w\" sizes=\"auto, (max-width: 460px) 100vw, 460px\" \/><\/p>\n<p>Tre \u00e5r i Arjeplog \u00e4r till\u00e4nda. T\u00e4nk s\u00e5 fort det \u00e4nd\u00e5 g\u00e5tt.<\/p>\n<p>P\u00e5 kv\u00e4llen hade vi studentkalas &#8221;hemma&#8221; i Ytterviks byag\u00e5rd tillsammans med sl\u00e4kten.<br \/>\nP\u00e5 l\u00f6rdag eftermiddag v\u00e4nde bilarna, nu \u00e4nnu mer full lastad, mot Finner\u00f6dja igen.<\/p>\n<p>Det regnade mycket p\u00e5 v\u00e4gen hem s\u00e5 det blev inga bilder, och m\u00f6rkt blev det.<br \/>\nV\u00e4ldigt vad m\u00f6rkt det \u00e4r h\u00e4r under den &#8221;ljusa sommarnatten&#8221;.<\/p>\n<p>Vi h\u00f6rs.<\/p>\n","protected":false},"excerpt":{"rendered":"<p>Den sista veckan har det varit en del sv\u00e4ngningar och undanflykter. Kanske rent av n\u00e5gra vita sm\u00e5l\u00f6gner. Det skulle ju bli en \u00f6verraskning f\u00f6r v\u00e5r student att alla syskon var med upp till h\u00f6ga nord. Far i huset fick g\u00f6ra en utryckning p\u00e5 torsdagen f\u00f6r att st\u00f6tta i flyttst\u00e4d och f\u00f6r att kunna packa undan [&hellip;]<\/p>\n","protected":false},"author":1,"featured_media":0,"comment_status":"open","ping_status":"open","sticky":false,"template":"","format":"standard","meta":{"footnotes":""},"categories":[4],"tags":[],"class_list":["post-1457","post","type-post","status-publish","format-standard","hentry","category-allmant"],"_links":{"self":[{"href":"https:\/\/eva.sundstrom.st\/index.php?rest_route=\/wp\/v2\/posts\/1457","targetHints":{"allow":["GET"]}}],"collection":[{"href":"https:\/\/eva.sundstrom.st\/index.php?rest_route=\/wp\/v2\/posts"}],"about":[{"href":"https:\/\/eva.sundstrom.st\/index.php?rest_route=\/wp\/v2\/types\/post"}],"author":[{"embeddable":true,"href":"https:\/\/eva.sundstrom.st\/index.php?rest_route=\/wp\/v2\/users\/1"}],"replies":[{"embeddable":true,"href":"https:\/\/eva.sundstrom.st\/index.php?rest_route=%2Fwp%2Fv2%2Fcomments&post=1457"}],"version-history":[{"count":23,"href":"https:\/\/eva.sundstrom.st\/index.php?rest_route=\/wp\/v2\/posts\/1457\/revisions"}],"predecessor-version":[{"id":1489,"href":"https:\/\/eva.sundstrom.st\/index.php?rest_route=\/wp\/v2\/posts\/1457\/revisions\/1489"}],"wp:attachment":[{"href":"https:\/\/eva.sundstrom.st\/index.php?rest_route=%2Fwp%2Fv2%2Fmedia&parent=1457"}],"wp:term":[{"taxonomy":"category","embeddable":true,"href":"https:\/\/eva.sundstrom.st\/index.php?rest_route=%2Fwp%2Fv2%2Fcategories&post=1457"},{"taxonomy":"post_tag","embeddable":true,"href":"https:\/\/eva.sundstrom.st\/index.php?rest_route=%2Fwp%2Fv2%2Ftags&post=1457"}],"curies":[{"name":"wp","href":"https:\/\/api.w.org\/{rel}","templated":true}]}}