{"id":1523,"date":"2009-06-26T17:39:03","date_gmt":"2009-06-26T16:39:03","guid":{"rendered":"http:\/\/www.eva.sundstrom.st\/?p=1523"},"modified":"2009-06-26T17:39:03","modified_gmt":"2009-06-26T16:39:03","slug":"da-och-da","status":"publish","type":"post","link":"https:\/\/eva.sundstrom.st\/?p=1523","title":{"rendered":"D"},"content":{"rendered":"<p>H\u00e4nder det att n\u00e5got blir klart.<\/p>\n<p>K\u00e4nns s\u00e5 bra n\u00e4r ett  par stickor blir lediga och det \u00e4r fritt fram att b\u00f6rja med n\u00e5got nytt.<\/p>\n<p><img loading=\"lazy\" decoding=\"async\" src=\"http:\/\/www.eva.sundstrom.st\/wp-content\/upload\/dsc04634.jpg\" alt=\"dsc04634\" title=\"dsc04634\" width=\"368\" height=\"276\" class=\"aligncenter size-full wp-image-1524\" srcset=\"https:\/\/eva.sundstrom.st\/wp-content\/upload\/dsc04634.jpg 368w, https:\/\/eva.sundstrom.st\/wp-content\/upload\/dsc04634-300x225.jpg 300w\" sizes=\"auto, (max-width: 368px) 100vw, 368px\" \/><\/p>\n<p>En liten omlottkofta som jag inte kunde motst\u00e5. Den \u00e4r stickad i J\u00e4rbos super soft cotton ink\u00f6pt p\u00e5 Coop i Skellefte\u00e5.<\/p>\n<p>Vid bes\u00f6k i Skellefte\u00e5 finns det vissa saker man bara m\u00e5ste hinna med.<br \/>\nDit h\u00f6r en titt i &#8221;sv\u00e4gerskans&#8221; garnaff\u00e4r. Nu \u00e4r det ju inte hon som r\u00e5r om den men hon handlar det mesta av sitt garn d\u00e4r.<br \/>\nSaras garn heter den och \u00e4r v\u00e4l v\u00e4rd ett bes\u00f6k. D\u00e4r hittade jag m\u00f6nster och garn till dessa tofflor.<\/p>\n<p><img loading=\"lazy\" decoding=\"async\" src=\"http:\/\/www.eva.sundstrom.st\/wp-content\/upload\/dsc04635.jpg\" alt=\"dsc04635\" title=\"dsc04635\" width=\"368\" height=\"276\" class=\"aligncenter size-full wp-image-1525\" srcset=\"https:\/\/eva.sundstrom.st\/wp-content\/upload\/dsc04635.jpg 368w, https:\/\/eva.sundstrom.st\/wp-content\/upload\/dsc04635-300x225.jpg 300w\" sizes=\"auto, (max-width: 368px) 100vw, 368px\" \/><\/p>\n<p>Garnet \u00e4r  gr\u00f6nt Viking Superwash till grundf\u00e4rg och vit Regia Softy.<br \/>\nDen gr\u00f6na f\u00e4rgen \u00e4r inte fullt s\u00e5 m\u00f6rk som det ser ut p\u00e5 kortet. H\u00e4r hette dom mormorstofflor och var riktigt roliga att sticka.<\/p>\n<p>S\u00e5 f\u00f6r  ordningens skull m\u00e5ste jag ju erk\u00e4nna att inget garn kom fr\u00e5n garnlagret utan det r\u00f6r sig bara om nyink\u00f6pt garn.<br \/>\nS\u00e5 kan det g\u00e5.<\/p>\n<p>Nu blir det mer blommor fr\u00e5n tr\u00e4dg\u00e5rden s\u00e5 klicka er ut om ni tycker det blir tjatigt.<\/p>\n<p>Doftpionerna  b\u00f6rjar sl\u00e5 ut<\/p>\n<p><img loading=\"lazy\" decoding=\"async\" src=\"http:\/\/www.eva.sundstrom.st\/wp-content\/upload\/dsc04636.jpg\" alt=\"dsc04636\" title=\"dsc04636\" width=\"430\" height=\"286\" class=\"aligncenter size-full wp-image-1528\" srcset=\"https:\/\/eva.sundstrom.st\/wp-content\/upload\/dsc04636.jpg 430w, https:\/\/eva.sundstrom.st\/wp-content\/upload\/dsc04636-300x199.jpg 300w\" sizes=\"auto, (max-width: 430px) 100vw, 430px\" \/><\/p>\n<p>Dom fanns i tr\u00e4dg\u00e5rden n\u00e4r vi flyttade hit och jag \u00e4r evigt tacksam till f\u00f6rra \u00e4garna att dom l\u00e4mnade en buske kvar.<br \/>\nNu har jag flera.<\/p>\n<p>Den gula  dagliljan kommer fr\u00e5n min mors tr\u00e4dg\u00e5rd.<br \/>\nAllts\u00e5 ett minne fr\u00e5n min barndom<\/p>\n<p><img loading=\"lazy\" decoding=\"async\" src=\"http:\/\/www.eva.sundstrom.st\/wp-content\/upload\/dsc04638.jpg\" alt=\"dsc04638\" title=\"dsc04638\" width=\"277\" height=\"264\" class=\"aligncenter size-full wp-image-1530\" \/><\/p>\n<p>Vallmon har jag f\u00e5tt av en v\u00e4n och f\u00f6re detta \u00e4ven kollega.<\/p>\n<p><img loading=\"lazy\" decoding=\"async\" src=\"http:\/\/www.eva.sundstrom.st\/wp-content\/upload\/dsc04640.jpg\" alt=\"dsc04640\" title=\"dsc04640\" width=\"368\" height=\"276\" class=\"aligncenter size-full wp-image-1531\" srcset=\"https:\/\/eva.sundstrom.st\/wp-content\/upload\/dsc04640.jpg 368w, https:\/\/eva.sundstrom.st\/wp-content\/upload\/dsc04640-300x225.jpg 300w\" sizes=\"auto, (max-width: 368px) 100vw, 368px\" \/><\/p>\n<p>\u00c4nnu finns det n\u00e5gra blommor kvar men den h\u00e4r b\u00f6rjar falla. Trotts det har den sin tjusning.<\/p>\n<p><img loading=\"lazy\" decoding=\"async\" src=\"http:\/\/www.eva.sundstrom.st\/wp-content\/upload\/dsc04644.jpg\" alt=\"dsc04644\" title=\"dsc04644\" width=\"368\" height=\"276\" class=\"aligncenter size-full wp-image-1532\" srcset=\"https:\/\/eva.sundstrom.st\/wp-content\/upload\/dsc04644.jpg 368w, https:\/\/eva.sundstrom.st\/wp-content\/upload\/dsc04644-300x225.jpg 300w\" sizes=\"auto, (max-width: 368px) 100vw, 368px\" \/><\/p>\n<p>Inne i v\u00e4xthuset blommar en amaryllis som jag st\u00e4llt ut f\u00f6r att den skulle vissna ner.<br \/>\nI slutet p\u00e5 maj flyttade jag \u00e4ven ut en kaktus som s\u00e5g lite h\u00e4ngig ut<\/p>\n<p><img loading=\"lazy\" decoding=\"async\" src=\"http:\/\/www.eva.sundstrom.st\/wp-content\/upload\/dsc04646.jpg\" alt=\"dsc04646\" title=\"dsc04646\" width=\"368\" height=\"276\" class=\"aligncenter size-full wp-image-1533\" srcset=\"https:\/\/eva.sundstrom.st\/wp-content\/upload\/dsc04646.jpg 368w, https:\/\/eva.sundstrom.st\/wp-content\/upload\/dsc04646-300x225.jpg 300w\" sizes=\"auto, (max-width: 368px) 100vw, 368px\" \/><\/p>\n<p>V\u00e4xthusklimatet och ljuset gjorde susen. Det har kommit m\u00e4ngder med nya &#8221;\u00f6ron&#8221;. Hur jag ska f\u00e5 in den till h\u00f6sten \u00e4r en annan sak. Den har ruskiga taggar. Kommer tid kommer r\u00e5d, heter det ju s\u00e5 det \u00e4r v\u00e4ll ingeting att oroa sig f\u00f6r nu.<\/p>\n<p><img loading=\"lazy\" decoding=\"async\" src=\"http:\/\/www.eva.sundstrom.st\/wp-content\/upload\/dsc04647.jpg\" alt=\"dsc04647\" title=\"dsc04647\" width=\"269\" height=\"342\" class=\"aligncenter size-full wp-image-1534\" srcset=\"https:\/\/eva.sundstrom.st\/wp-content\/upload\/dsc04647.jpg 269w, https:\/\/eva.sundstrom.st\/wp-content\/upload\/dsc04647-235x300.jpg 235w\" sizes=\"auto, (max-width: 269px) 100vw, 269px\" \/><\/p>\n<p>En h\u00e4rligt m\u00f6rk pelargonknopp.<br \/>\nOch i skogskanten sitter duvorna och kuttrar.<\/p>\n<p><img loading=\"lazy\" decoding=\"async\" src=\"http:\/\/www.eva.sundstrom.st\/wp-content\/upload\/dsc04642.jpg\" alt=\"dsc04642\" title=\"dsc04642\" width=\"368\" height=\"276\" class=\"aligncenter size-full wp-image-1535\" srcset=\"https:\/\/eva.sundstrom.st\/wp-content\/upload\/dsc04642.jpg 368w, https:\/\/eva.sundstrom.st\/wp-content\/upload\/dsc04642-300x225.jpg 300w\" sizes=\"auto, (max-width: 368px) 100vw, 368px\" \/><\/p>\n<p>Tycker det ser ut att vara en intensiv diskution. Alla sitter t\u00e4tt tillsammans och vill ha ett ord med i laget.<\/p>\n<p>I helgen \u00e4r det jobb som g\u00e4ller.<br \/>\nHa det gott<\/p>\n","protected":false},"excerpt":{"rendered":"<p>H\u00e4nder det att n\u00e5got blir klart. K\u00e4nns s\u00e5 bra n\u00e4r ett par stickor blir lediga och det \u00e4r fritt fram att b\u00f6rja med n\u00e5got nytt. En liten omlottkofta som jag inte kunde motst\u00e5. Den \u00e4r stickad i J\u00e4rbos super soft cotton ink\u00f6pt p\u00e5 Coop i Skellefte\u00e5. Vid bes\u00f6k i Skellefte\u00e5 finns det vissa saker man [&hellip;]<\/p>\n","protected":false},"author":1,"featured_media":0,"comment_status":"open","ping_status":"open","sticky":false,"template":"","format":"standard","meta":{"footnotes":""},"categories":[4],"tags":[],"class_list":["post-1523","post","type-post","status-publish","format-standard","hentry","category-allmant"],"_links":{"self":[{"href":"https:\/\/eva.sundstrom.st\/index.php?rest_route=\/wp\/v2\/posts\/1523","targetHints":{"allow":["GET"]}}],"collection":[{"href":"https:\/\/eva.sundstrom.st\/index.php?rest_route=\/wp\/v2\/posts"}],"about":[{"href":"https:\/\/eva.sundstrom.st\/index.php?rest_route=\/wp\/v2\/types\/post"}],"author":[{"embeddable":true,"href":"https:\/\/eva.sundstrom.st\/index.php?rest_route=\/wp\/v2\/users\/1"}],"replies":[{"embeddable":true,"href":"https:\/\/eva.sundstrom.st\/index.php?rest_route=%2Fwp%2Fv2%2Fcomments&post=1523"}],"version-history":[{"count":5,"href":"https:\/\/eva.sundstrom.st\/index.php?rest_route=\/wp\/v2\/posts\/1523\/revisions"}],"predecessor-version":[{"id":1537,"href":"https:\/\/eva.sundstrom.st\/index.php?rest_route=\/wp\/v2\/posts\/1523\/revisions\/1537"}],"wp:attachment":[{"href":"https:\/\/eva.sundstrom.st\/index.php?rest_route=%2Fwp%2Fv2%2Fmedia&parent=1523"}],"wp:term":[{"taxonomy":"category","embeddable":true,"href":"https:\/\/eva.sundstrom.st\/index.php?rest_route=%2Fwp%2Fv2%2Fcategories&post=1523"},{"taxonomy":"post_tag","embeddable":true,"href":"https:\/\/eva.sundstrom.st\/index.php?rest_route=%2Fwp%2Fv2%2Ftags&post=1523"}],"curies":[{"name":"wp","href":"https:\/\/api.w.org\/{rel}","templated":true}]}}