{"id":1618,"date":"2009-07-14T19:19:05","date_gmt":"2009-07-14T18:19:05","guid":{"rendered":"http:\/\/www.eva.sundstrom.st\/?p=1618"},"modified":"2009-07-14T19:19:05","modified_gmt":"2009-07-14T18:19:05","slug":"sa-kan-det-ga","status":"publish","type":"post","link":"https:\/\/eva.sundstrom.st\/?p=1618","title":{"rendered":"S\u00e5 kan det g\u00e5"},"content":{"rendered":"<p>Fick ett m\u00f6nster som jag tyckte s\u00e5g s\u00e5 gulligt ut. En \u00e5kp\u00e5se med luva och h\u00e5l f\u00f6r b\u00e4ltet i en barnstol. Det var nog inget nytt m\u00f6nster f\u00f6r garnet hade utg\u00e5tt. Fastnade f\u00f6r en f\u00e4rgglad ers\u00e4ttning och satte ig\u00e5ng.<\/p>\n<p>S\u00e4llan har jag blivit s\u00e5 missn\u00f6jd. Tyckte beskrivningen i vissa fall var knapph\u00e4ndig och ibland on\u00f6digt tillkr\u00e5nglad.<\/p>\n<p>En sak blev bra och det var h\u00e5let f\u00f6r b\u00e4ltet.<\/p>\n<p><img loading=\"lazy\" decoding=\"async\" src=\"http:\/\/www.eva.sundstrom.st\/wp-content\/upload\/dsc04816.jpg\" alt=\"dsc04816\" title=\"dsc04816\" width=\"368\" height=\"276\" class=\"aligncenter size-full wp-image-1619\" srcset=\"https:\/\/eva.sundstrom.st\/wp-content\/upload\/dsc04816.jpg 368w, https:\/\/eva.sundstrom.st\/wp-content\/upload\/dsc04816-300x225.jpg 300w\" sizes=\"auto, (max-width: 368px) 100vw, 368px\" \/><\/p>\n<p>Detta alster f\u00e5r ligga till sig lite, kommer med all sannolikhet att repas upp och anta en annan skepnad.<\/p>\n<p>Efter fyra dagar med olika arbetspass kommer i morgon en helt ledig dag. P\u00e5 kv\u00e4llen \u00e4r det v\u00e5ffelcaf\u00e9 p\u00e5 Hembygdsg\u00e5rden. Ekumenisk satsning fr\u00e5n kyrkorna i Finner\u00f6dja och Hembygdsg\u00e5rden.<\/p>\n<p>Nu satsar jag p\u00e5 n\u00e4sta projekt.<br \/>\nM\u00e5 gott <\/p>\n","protected":false},"excerpt":{"rendered":"<p>Fick ett m\u00f6nster som jag tyckte s\u00e5g s\u00e5 gulligt ut. En \u00e5kp\u00e5se med luva och h\u00e5l f\u00f6r b\u00e4ltet i en barnstol. Det var nog inget nytt m\u00f6nster f\u00f6r garnet hade utg\u00e5tt. Fastnade f\u00f6r en f\u00e4rgglad ers\u00e4ttning och satte ig\u00e5ng. S\u00e4llan har jag blivit s\u00e5 missn\u00f6jd. Tyckte beskrivningen i vissa fall var knapph\u00e4ndig och ibland on\u00f6digt [&hellip;]<\/p>\n","protected":false},"author":1,"featured_media":0,"comment_status":"open","ping_status":"open","sticky":false,"template":"","format":"standard","meta":{"footnotes":""},"categories":[1],"tags":[],"class_list":["post-1618","post","type-post","status-publish","format-standard","hentry","category-uncategorized"],"_links":{"self":[{"href":"https:\/\/eva.sundstrom.st\/index.php?rest_route=\/wp\/v2\/posts\/1618","targetHints":{"allow":["GET"]}}],"collection":[{"href":"https:\/\/eva.sundstrom.st\/index.php?rest_route=\/wp\/v2\/posts"}],"about":[{"href":"https:\/\/eva.sundstrom.st\/index.php?rest_route=\/wp\/v2\/types\/post"}],"author":[{"embeddable":true,"href":"https:\/\/eva.sundstrom.st\/index.php?rest_route=\/wp\/v2\/users\/1"}],"replies":[{"embeddable":true,"href":"https:\/\/eva.sundstrom.st\/index.php?rest_route=%2Fwp%2Fv2%2Fcomments&post=1618"}],"version-history":[{"count":3,"href":"https:\/\/eva.sundstrom.st\/index.php?rest_route=\/wp\/v2\/posts\/1618\/revisions"}],"predecessor-version":[{"id":1622,"href":"https:\/\/eva.sundstrom.st\/index.php?rest_route=\/wp\/v2\/posts\/1618\/revisions\/1622"}],"wp:attachment":[{"href":"https:\/\/eva.sundstrom.st\/index.php?rest_route=%2Fwp%2Fv2%2Fmedia&parent=1618"}],"wp:term":[{"taxonomy":"category","embeddable":true,"href":"https:\/\/eva.sundstrom.st\/index.php?rest_route=%2Fwp%2Fv2%2Fcategories&post=1618"},{"taxonomy":"post_tag","embeddable":true,"href":"https:\/\/eva.sundstrom.st\/index.php?rest_route=%2Fwp%2Fv2%2Ftags&post=1618"}],"curies":[{"name":"wp","href":"https:\/\/api.w.org\/{rel}","templated":true}]}}