{"id":1623,"date":"2009-07-15T20:06:45","date_gmt":"2009-07-15T19:06:45","guid":{"rendered":"http:\/\/www.eva.sundstrom.st\/?p=1623"},"modified":"2009-07-15T20:08:27","modified_gmt":"2009-07-15T19:08:27","slug":"fler-saker-fardiga","status":"publish","type":"post","link":"https:\/\/eva.sundstrom.st\/?p=1623","title":{"rendered":"Fler saker f\u00e4rdiga"},"content":{"rendered":"<p>Och i dag \u00e4r jag bara n\u00f6jd.<\/p>\n<p><img loading=\"lazy\" decoding=\"async\" src=\"http:\/\/www.eva.sundstrom.st\/wp-content\/upload\/dsc04847.jpg\" alt=\"dsc04847\" title=\"dsc04847\" width=\"368\" height=\"261\" class=\"aligncenter size-full wp-image-1627\" srcset=\"https:\/\/eva.sundstrom.st\/wp-content\/upload\/dsc04847.jpg 368w, https:\/\/eva.sundstrom.st\/wp-content\/upload\/dsc04847-300x212.jpg 300w\" sizes=\"auto, (max-width: 368px) 100vw, 368px\" \/><\/p>\n<p>F\u00f6rst en sjal stickad av en tr\u00e5d Elfin, 90 % Polyacryl och 10 % Mohair<br \/>\noch en tr\u00e5d Cotton viscose.<\/p>\n<p><img loading=\"lazy\" decoding=\"async\" src=\"http:\/\/www.eva.sundstrom.st\/wp-content\/upload\/dsc04843.jpg\" alt=\"dsc04843\" title=\"dsc04843\" width=\"370\" height=\"250\" class=\"aligncenter size-full wp-image-1625\" srcset=\"https:\/\/eva.sundstrom.st\/wp-content\/upload\/dsc04843.jpg 370w, https:\/\/eva.sundstrom.st\/wp-content\/upload\/dsc04843-300x202.jpg 300w\" sizes=\"auto, (max-width: 370px) 100vw, 370px\" \/><\/p>\n<p><img loading=\"lazy\" decoding=\"async\" src=\"http:\/\/www.eva.sundstrom.st\/wp-content\/upload\/dsc04844.jpg\" alt=\"dsc04844\" title=\"dsc04844\" width=\"368\" height=\"234\" class=\"aligncenter size-full wp-image-1626\" srcset=\"https:\/\/eva.sundstrom.st\/wp-content\/upload\/dsc04844.jpg 368w, https:\/\/eva.sundstrom.st\/wp-content\/upload\/dsc04844-300x190.jpg 300w\" sizes=\"auto, (max-width: 368px) 100vw, 368px\" \/><\/p>\n<p>Har ocks\u00e5 stickat en Babywrap.<\/p>\n<p><img loading=\"lazy\" decoding=\"async\" src=\"http:\/\/www.eva.sundstrom.st\/wp-content\/upload\/dsc04848.jpg\" alt=\"dsc04848\" title=\"dsc04848\" width=\"368\" height=\"276\" class=\"aligncenter size-full wp-image-1628\" srcset=\"https:\/\/eva.sundstrom.st\/wp-content\/upload\/dsc04848.jpg 368w, https:\/\/eva.sundstrom.st\/wp-content\/upload\/dsc04848-300x225.jpg 300w\" sizes=\"auto, (max-width: 368px) 100vw, 368px\" \/><\/p>\n<p>Den var riktigt rolig att sticka i all sin enkelhet.<br \/>\nHar lyckats f\u00f6lja m\u00f6nstret till punkt och pricka utan problem.<br \/>\nDen \u00e4r stickad i Eskimo. Lite tokigt kanske med tanke p\u00e5 att det \u00e4r handtv\u00e4tt som g\u00e4ller.<br \/>\nDet var i alla fall trevligt att sticka med.<\/p>\n<p><img loading=\"lazy\" decoding=\"async\" src=\"http:\/\/www.eva.sundstrom.st\/wp-content\/upload\/dsc04849.jpg\" alt=\"dsc04849\" title=\"dsc04849\" width=\"364\" height=\"228\" class=\"aligncenter size-full wp-image-1629\" srcset=\"https:\/\/eva.sundstrom.st\/wp-content\/upload\/dsc04849.jpg 364w, https:\/\/eva.sundstrom.st\/wp-content\/upload\/dsc04849-300x187.jpg 300w\" sizes=\"auto, (max-width: 364px) 100vw, 364px\" \/><\/p>\n<p>Det var h\u00e4r den lilla dockan fick lov att vara med och demonstrera.<br \/>\nF\u00e5r nog ordna ett nytt kort p\u00e5 honom, ser h\u00e4r att varken huvud eller f\u00f6tter kom med ordentligt.<\/p>\n<p><img loading=\"lazy\" decoding=\"async\" src=\"http:\/\/www.eva.sundstrom.st\/wp-content\/upload\/dsc04853.jpg\" alt=\"dsc04853\" title=\"dsc04853\" width=\"395\" height=\"255\" class=\"aligncenter size-full wp-image-1630\" srcset=\"https:\/\/eva.sundstrom.st\/wp-content\/upload\/dsc04853.jpg 395w, https:\/\/eva.sundstrom.st\/wp-content\/upload\/dsc04853-300x193.jpg 300w\" sizes=\"auto, (max-width: 395px) 100vw, 395px\" \/><\/p>\n<p>Visst ser han ut att vila gott d\u00e4r, insvept i wrapen.<\/p>\n<p>Tyckte dockan var s\u00e5 s\u00f6t men har inte kommit p\u00e5 n\u00e5got namn \u00e4nnu.<\/p>\n<p>Man vet ju aldrig, Kanske dyker han upp fler g\u00e5nger.<\/p>\n<p>Ha det gott.<\/p>\n","protected":false},"excerpt":{"rendered":"<p>Och i dag \u00e4r jag bara n\u00f6jd. F\u00f6rst en sjal stickad av en tr\u00e5d Elfin, 90 % Polyacryl och 10 % Mohair och en tr\u00e5d Cotton viscose. Har ocks\u00e5 stickat en Babywrap. Den var riktigt rolig att sticka i all sin enkelhet. Har lyckats f\u00f6lja m\u00f6nstret till punkt och pricka utan problem. Den \u00e4r stickad [&hellip;]<\/p>\n","protected":false},"author":1,"featured_media":0,"comment_status":"open","ping_status":"open","sticky":false,"template":"","format":"standard","meta":{"footnotes":""},"categories":[5],"tags":[],"class_list":["post-1623","post","type-post","status-publish","format-standard","hentry","category-fran-garnlagret"],"_links":{"self":[{"href":"https:\/\/eva.sundstrom.st\/index.php?rest_route=\/wp\/v2\/posts\/1623","targetHints":{"allow":["GET"]}}],"collection":[{"href":"https:\/\/eva.sundstrom.st\/index.php?rest_route=\/wp\/v2\/posts"}],"about":[{"href":"https:\/\/eva.sundstrom.st\/index.php?rest_route=\/wp\/v2\/types\/post"}],"author":[{"embeddable":true,"href":"https:\/\/eva.sundstrom.st\/index.php?rest_route=\/wp\/v2\/users\/1"}],"replies":[{"embeddable":true,"href":"https:\/\/eva.sundstrom.st\/index.php?rest_route=%2Fwp%2Fv2%2Fcomments&post=1623"}],"version-history":[{"count":6,"href":"https:\/\/eva.sundstrom.st\/index.php?rest_route=\/wp\/v2\/posts\/1623\/revisions"}],"predecessor-version":[{"id":1635,"href":"https:\/\/eva.sundstrom.st\/index.php?rest_route=\/wp\/v2\/posts\/1623\/revisions\/1635"}],"wp:attachment":[{"href":"https:\/\/eva.sundstrom.st\/index.php?rest_route=%2Fwp%2Fv2%2Fmedia&parent=1623"}],"wp:term":[{"taxonomy":"category","embeddable":true,"href":"https:\/\/eva.sundstrom.st\/index.php?rest_route=%2Fwp%2Fv2%2Fcategories&post=1623"},{"taxonomy":"post_tag","embeddable":true,"href":"https:\/\/eva.sundstrom.st\/index.php?rest_route=%2Fwp%2Fv2%2Ftags&post=1623"}],"curies":[{"name":"wp","href":"https:\/\/api.w.org\/{rel}","templated":true}]}}