{"id":1688,"date":"2009-08-22T09:47:10","date_gmt":"2009-08-22T08:47:10","guid":{"rendered":"http:\/\/www.eva.sundstrom.st\/?p=1688"},"modified":"2009-08-22T09:47:10","modified_gmt":"2009-08-22T08:47:10","slug":"090822","status":"publish","type":"post","link":"https:\/\/eva.sundstrom.st\/?p=1688","title":{"rendered":"090822"},"content":{"rendered":"<p>L\u00f6rdag i dag och v\u00e4xlande molnigt och soligt.<br \/>\nKan inte direkt s\u00e4ga att jag haft en lugn semester men det var v\u00e4ll f\u00f6r v\u00e4l att jag var ledig.<\/p>\n<p>Har inte p\u00e5 n\u00e5got s\u00e4tt haft tr\u00e5kigt. Det har liksom inte funnits tid till det.<br \/>\n\u00c5 andra sidan har jag faktiskt inte stressat ihj\u00e4l mig heller, bara fullt upp med m\u00f6jlighet att ta en stund f\u00f6r stickning d\u00e5 och d\u00e5.<\/p>\n<p>Fick helt ov\u00e4ntat och v\u00e4ldigt v\u00e4lkommet bes\u00f6k f\u00f6rsta veckan, J\u00c4TTEROLIGT.<br \/>\nSedan har det varit tv\u00e5 v\u00e4ndor till Ronneby, p\u00e5 tv\u00e5 veckor och innan har jag inte varit d\u00e4r en enda g\u00e5ng.<br \/>\nEna resan gick \u00e4ven en snabb sv\u00e4ng till GKs i Ullared. B\u00e5da g\u00e5ngerna var det ett stopp i Skillingaryd.<\/p>\n<p>En del tr\u00e4dg\u00e5rdsplockhar det varit och se vad jag hittade d\u00e4r.<\/p>\n<p><img loading=\"lazy\" decoding=\"async\" src=\"http:\/\/www.eva.sundstrom.st\/wp-content\/upload\/dsc05222.jpg\" alt=\"dsc05222\" title=\"dsc05222\" width=\"356\" height=\"262\" class=\"aligncenter size-full wp-image-1689\" srcset=\"https:\/\/eva.sundstrom.st\/wp-content\/upload\/dsc05222.jpg 356w, https:\/\/eva.sundstrom.st\/wp-content\/upload\/dsc05222-300x220.jpg 300w\" sizes=\"auto, (max-width: 356px) 100vw, 356px\" \/><\/p>\n<p>Visst \u00e4r det augusti nu? Trodde detta var v\u00e5rblommor!<\/p>\n<p>F\u00f6r n\u00e5gon dag sedan k\u00e4nde jag hur paniken grep mig. Tre lediga veckor g\u00e5r s\u00e5 fort.<br \/>\nM\u00e5ste g\u00f6ra n\u00e5got annat ocks\u00e5, inte bara sticka strumpor!<br \/>\nVill testa att virka en matta.<br \/>\nFram med tv\u00e5 nystan matt trasor, utan tanke p\u00e5 f\u00e4rg eller m\u00f6nster. Bara tv\u00e5 nystan som jag f\u00f6rst fick fatt i och s\u00e5 blev det som det blev.<\/p>\n<p><img loading=\"lazy\" decoding=\"async\" src=\"http:\/\/www.eva.sundstrom.st\/wp-content\/upload\/dsc05230.jpg\" alt=\"dsc05230\" title=\"dsc05230\" width=\"461\" height=\"346\" class=\"aligncenter size-full wp-image-1690\" srcset=\"https:\/\/eva.sundstrom.st\/wp-content\/upload\/dsc05230.jpg 461w, https:\/\/eva.sundstrom.st\/wp-content\/upload\/dsc05230-300x225.jpg 300w\" sizes=\"auto, (max-width: 461px) 100vw, 461px\" \/><\/p>\n<p>Det \u00e4r s\u00e5 l\u00e4ngesedan jag virkade s\u00e5 jag kom inte riktigt ih\u00e5g hur man m\u00f6ter och b\u00f6rjar p\u00e5 nytt varv n\u00e4r man virkar runt. F\u00e5r lov att friska upp minnet d\u00e4r.<\/p>\n<p>Tv\u00e5 p\u00e5b\u00f6rjade par strumpor ska stickas klart och sedan blir det marknad i Sannerud den 29\/8.  Hela bygatan brukar vara full med knallar. Riktig marknadsst\u00e4mmning brukar det vara.<br \/>\nM\u00e5ndag kv\u00e4ll b\u00f6rjar jag jobba igen.<br \/>\nHa det gott<\/p>\n","protected":false},"excerpt":{"rendered":"<p>L\u00f6rdag i dag och v\u00e4xlande molnigt och soligt. Kan inte direkt s\u00e4ga att jag haft en lugn semester men det var v\u00e4ll f\u00f6r v\u00e4l att jag var ledig. Har inte p\u00e5 n\u00e5got s\u00e4tt haft tr\u00e5kigt. Det har liksom inte funnits tid till det. \u00c5 andra sidan har jag faktiskt inte stressat ihj\u00e4l mig heller, bara [&hellip;]<\/p>\n","protected":false},"author":1,"featured_media":0,"comment_status":"open","ping_status":"open","sticky":false,"template":"","format":"standard","meta":{"footnotes":""},"categories":[4],"tags":[],"class_list":["post-1688","post","type-post","status-publish","format-standard","hentry","category-allmant"],"_links":{"self":[{"href":"https:\/\/eva.sundstrom.st\/index.php?rest_route=\/wp\/v2\/posts\/1688","targetHints":{"allow":["GET"]}}],"collection":[{"href":"https:\/\/eva.sundstrom.st\/index.php?rest_route=\/wp\/v2\/posts"}],"about":[{"href":"https:\/\/eva.sundstrom.st\/index.php?rest_route=\/wp\/v2\/types\/post"}],"author":[{"embeddable":true,"href":"https:\/\/eva.sundstrom.st\/index.php?rest_route=\/wp\/v2\/users\/1"}],"replies":[{"embeddable":true,"href":"https:\/\/eva.sundstrom.st\/index.php?rest_route=%2Fwp%2Fv2%2Fcomments&post=1688"}],"version-history":[{"count":4,"href":"https:\/\/eva.sundstrom.st\/index.php?rest_route=\/wp\/v2\/posts\/1688\/revisions"}],"predecessor-version":[{"id":1694,"href":"https:\/\/eva.sundstrom.st\/index.php?rest_route=\/wp\/v2\/posts\/1688\/revisions\/1694"}],"wp:attachment":[{"href":"https:\/\/eva.sundstrom.st\/index.php?rest_route=%2Fwp%2Fv2%2Fmedia&parent=1688"}],"wp:term":[{"taxonomy":"category","embeddable":true,"href":"https:\/\/eva.sundstrom.st\/index.php?rest_route=%2Fwp%2Fv2%2Fcategories&post=1688"},{"taxonomy":"post_tag","embeddable":true,"href":"https:\/\/eva.sundstrom.st\/index.php?rest_route=%2Fwp%2Fv2%2Ftags&post=1688"}],"curies":[{"name":"wp","href":"https:\/\/api.w.org\/{rel}","templated":true}]}}