{"id":1695,"date":"2009-08-28T20:57:04","date_gmt":"2009-08-28T19:57:04","guid":{"rendered":"http:\/\/www.eva.sundstrom.st\/?p=1695"},"modified":"2009-08-28T21:03:40","modified_gmt":"2009-08-28T20:03:40","slug":"kvallen-090828","status":"publish","type":"post","link":"https:\/\/eva.sundstrom.st\/?p=1695","title":{"rendered":"Kv\u00e4llen 090828"},"content":{"rendered":"<p>S\u00e5 blev ytterligare tre par stora strumpor<\/p>\n<p><img loading=\"lazy\" decoding=\"async\" src=\"http:\/\/www.eva.sundstrom.st\/wp-content\/upload\/dsc05232.jpg\" alt=\"dsc05232\" title=\"dsc05232\" width=\"461\" height=\"346\" class=\"aligncenter size-full wp-image-1696\" srcset=\"https:\/\/eva.sundstrom.st\/wp-content\/upload\/dsc05232.jpg 461w, https:\/\/eva.sundstrom.st\/wp-content\/upload\/dsc05232-300x225.jpg 300w\" sizes=\"auto, (max-width: 461px) 100vw, 461px\" \/><\/p>\n<p>och tv\u00e5 par sm\u00e5 f\u00e4rdiga att packa ner i v\u00e4skan.<\/p>\n<p><img loading=\"lazy\" decoding=\"async\" src=\"http:\/\/www.eva.sundstrom.st\/wp-content\/upload\/dsc05233.jpg\" alt=\"dsc05233\" title=\"dsc05233\" width=\"427\" height=\"390\" class=\"aligncenter size-full wp-image-1697\" srcset=\"https:\/\/eva.sundstrom.st\/wp-content\/upload\/dsc05233.jpg 427w, https:\/\/eva.sundstrom.st\/wp-content\/upload\/dsc05233-300x274.jpg 300w\" sizes=\"auto, (max-width: 427px) 100vw, 427px\" \/><\/p>\n<p>Allt fr\u00e5n garnlagret. <\/p>\n<p>I morgon \u00e4r marknaden och knallev\u00e4skan \u00e4r klar.<\/p>\n<p>I kv\u00e4ll har det h\u00e4llregnat men det blir s\u00e4kert b\u00e4ttre i morgon. Hoppas p\u00e5 solsken och lagom varmt.<br \/>\nDet \u00e4r tre \u00e5r sedan jag kunde var med p\u00e5 Sannerudsmark\u00e9n och det k\u00e4nns n\u00e4stan som om det var f\u00f6rsta g\u00e5ngen.<br \/>\nHa det bra!<\/p>\n<p>Stockrosen blommar<\/p>\n<p><img loading=\"lazy\" decoding=\"async\" src=\"http:\/\/www.eva.sundstrom.st\/wp-content\/upload\/dsc05210.jpg\" alt=\"dsc05210\" title=\"dsc05210\" width=\"492\" height=\"369\" class=\"aligncenter size-full wp-image-1703\" srcset=\"https:\/\/eva.sundstrom.st\/wp-content\/upload\/dsc05210.jpg 492w, https:\/\/eva.sundstrom.st\/wp-content\/upload\/dsc05210-300x225.jpg 300w\" sizes=\"auto, (max-width: 492px) 100vw, 492px\" \/><\/p>\n<p>Tack Birgitta  f\u00f6r fr\u00f6erna jag fick!<\/p>\n","protected":false},"excerpt":{"rendered":"<p>S\u00e5 blev ytterligare tre par stora strumpor och tv\u00e5 par sm\u00e5 f\u00e4rdiga att packa ner i v\u00e4skan. Allt fr\u00e5n garnlagret. I morgon \u00e4r marknaden och knallev\u00e4skan \u00e4r klar. I kv\u00e4ll har det h\u00e4llregnat men det blir s\u00e4kert b\u00e4ttre i morgon. Hoppas p\u00e5 solsken och lagom varmt. Det \u00e4r tre \u00e5r sedan jag kunde var med [&hellip;]<\/p>\n","protected":false},"author":1,"featured_media":0,"comment_status":"open","ping_status":"open","sticky":false,"template":"","format":"standard","meta":{"footnotes":""},"categories":[4,5],"tags":[],"class_list":["post-1695","post","type-post","status-publish","format-standard","hentry","category-allmant","category-fran-garnlagret"],"_links":{"self":[{"href":"https:\/\/eva.sundstrom.st\/index.php?rest_route=\/wp\/v2\/posts\/1695","targetHints":{"allow":["GET"]}}],"collection":[{"href":"https:\/\/eva.sundstrom.st\/index.php?rest_route=\/wp\/v2\/posts"}],"about":[{"href":"https:\/\/eva.sundstrom.st\/index.php?rest_route=\/wp\/v2\/types\/post"}],"author":[{"embeddable":true,"href":"https:\/\/eva.sundstrom.st\/index.php?rest_route=\/wp\/v2\/users\/1"}],"replies":[{"embeddable":true,"href":"https:\/\/eva.sundstrom.st\/index.php?rest_route=%2Fwp%2Fv2%2Fcomments&post=1695"}],"version-history":[{"count":6,"href":"https:\/\/eva.sundstrom.st\/index.php?rest_route=\/wp\/v2\/posts\/1695\/revisions"}],"predecessor-version":[{"id":1702,"href":"https:\/\/eva.sundstrom.st\/index.php?rest_route=\/wp\/v2\/posts\/1695\/revisions\/1702"}],"wp:attachment":[{"href":"https:\/\/eva.sundstrom.st\/index.php?rest_route=%2Fwp%2Fv2%2Fmedia&parent=1695"}],"wp:term":[{"taxonomy":"category","embeddable":true,"href":"https:\/\/eva.sundstrom.st\/index.php?rest_route=%2Fwp%2Fv2%2Fcategories&post=1695"},{"taxonomy":"post_tag","embeddable":true,"href":"https:\/\/eva.sundstrom.st\/index.php?rest_route=%2Fwp%2Fv2%2Ftags&post=1695"}],"curies":[{"name":"wp","href":"https:\/\/api.w.org\/{rel}","templated":true}]}}