{"id":172,"date":"2007-07-26T15:27:15","date_gmt":"2007-07-26T14:27:15","guid":{"rendered":"http:\/\/www.eva.sundstrom.st\/?p=172"},"modified":"2007-07-28T10:17:10","modified_gmt":"2007-07-28T09:17:10","slug":"gasterna","status":"publish","type":"post","link":"https:\/\/eva.sundstrom.st\/?p=172","title":{"rendered":"G"},"content":{"rendered":"<p>\u00e5kte p\u00e5 utflykt i dag.<br \/>\nD\u00e5 passade jag p\u00e5 att idka friluftsliv genom att rensa en rabatt.<\/p>\n<p>F\u00f6rst hittade jag vackert ogr\u00e4s<br \/>\n<a href='http:\/\/www.eva.sundstrom.st\/wp-content\/upload\/dsc00484.jpg' title='dsc00484.jpg'><img src='http:\/\/www.eva.sundstrom.st\/wp-content\/upload\/dsc00484.jpg' alt='dsc00484.jpg' \/><\/a><\/p>\n<p>Sedan hittade jag solar<br \/>\n<a href='http:\/\/www.eva.sundstrom.st\/wp-content\/upload\/dsc00487.jpg' title='dsc00487.jpg'><img src='http:\/\/www.eva.sundstrom.st\/wp-content\/upload\/dsc00487.jpg' alt='dsc00487.jpg' \/><\/a><\/p>\n<p>Och rosa , K\u00e4rrblomster tror jag. En del s\u00e4ger att det \u00e4r ogr\u00e4s men jag tycker det \u00e4r vackert.<br \/>\n<a href='http:\/\/www.eva.sundstrom.st\/wp-content\/upload\/dsc00488.jpg' title='dsc00488.jpg'><img src='http:\/\/www.eva.sundstrom.st\/wp-content\/upload\/dsc00488.jpg' alt='dsc00488.jpg' \/><\/a>  <\/p>\n<p>Bolltistel t\u00e5l verkligen en n\u00e4rmare titt. Den flyttade fr\u00e5n sm\u00e5land och herr R till min tr\u00e4dg\u00e5rd.<br \/>\nJag tycker den \u00e4r s\u00e5 fin och hade faktist, herr R aldeles ovetande, \u00f6nskat mig en s\u00e5dan.<\/p>\n<p><a href='http:\/\/www.eva.sundstrom.st\/wp-content\/upload\/dsc00490.jpg' title='dsc00490.jpg'><img src='http:\/\/www.eva.sundstrom.st\/wp-content\/upload\/dsc00490.jpg' alt='dsc00490.jpg' \/><\/a><\/p>\n<p>S\u00e5 ett bevis f\u00f6r att den rosa \u00e4r klar. H\u00e4r ligger den p\u00e5 torkning.<a href='http:\/\/www.eva.sundstrom.st\/wp-content\/upload\/dsc00482.jpg' title='dsc00482.jpg'><img src='http:\/\/www.eva.sundstrom.st\/wp-content\/upload\/dsc00482.jpg' alt='dsc00482.jpg' \/><\/a><\/p>\n<p>En liten bild som \u00e4r klickbar om ni tycker m\u00f6nstret syns d\u00e5ligt  p\u00e5 den stora.<\/p>\n<p><a href='http:\/\/www.eva.sundstrom.st\/wp-content\/upload\/dsc00483.jpg' title='dsc00483.jpg'><img src='http:\/\/www.eva.sundstrom.st\/wp-content\/upload\/dsc00483.tumnagel.jpg' alt='dsc00483.jpg' \/><\/a><\/p>\n<p>Nu ska jag laga l\u00e4tt mat som jag klokt nog f\u00f6rberett en dag n\u00e4r jag var p\u00e5 det hum\u00f6ret.<br \/>\nUnder tiden potatisen kokar ska jag baka en havretoska. Hundens husse fyller \u00e5r.<br \/>\nNu \u00e4r han ju inte hemma, men n\u00e4r han kommer  ska den finnas f\u00e4rdig.<\/p>\n<p>Inte f\u00f6r att han beg\u00e4r det utan f\u00f6r att jag vet han tycker om den och jag brukar f\u00f6rs\u00f6ka fixa den till hans f\u00f6delsedag.<\/p>\n<p>M\u00e5 gott<\/p>\n","protected":false},"excerpt":{"rendered":"<p>\u00e5kte p\u00e5 utflykt i dag. D\u00e5 passade jag p\u00e5 att idka friluftsliv genom att rensa en rabatt. F\u00f6rst hittade jag vackert ogr\u00e4s Sedan hittade jag solar Och rosa , K\u00e4rrblomster tror jag. En del s\u00e4ger att det \u00e4r ogr\u00e4s men jag tycker det \u00e4r vackert. Bolltistel t\u00e5l verkligen en n\u00e4rmare titt. Den flyttade fr\u00e5n sm\u00e5land [&hellip;]<\/p>\n","protected":false},"author":1,"featured_media":0,"comment_status":"open","ping_status":"open","sticky":false,"template":"","format":"standard","meta":{"footnotes":""},"categories":[1],"tags":[],"class_list":["post-172","post","type-post","status-publish","format-standard","hentry","category-uncategorized"],"_links":{"self":[{"href":"https:\/\/eva.sundstrom.st\/index.php?rest_route=\/wp\/v2\/posts\/172","targetHints":{"allow":["GET"]}}],"collection":[{"href":"https:\/\/eva.sundstrom.st\/index.php?rest_route=\/wp\/v2\/posts"}],"about":[{"href":"https:\/\/eva.sundstrom.st\/index.php?rest_route=\/wp\/v2\/types\/post"}],"author":[{"embeddable":true,"href":"https:\/\/eva.sundstrom.st\/index.php?rest_route=\/wp\/v2\/users\/1"}],"replies":[{"embeddable":true,"href":"https:\/\/eva.sundstrom.st\/index.php?rest_route=%2Fwp%2Fv2%2Fcomments&post=172"}],"version-history":[{"count":0,"href":"https:\/\/eva.sundstrom.st\/index.php?rest_route=\/wp\/v2\/posts\/172\/revisions"}],"wp:attachment":[{"href":"https:\/\/eva.sundstrom.st\/index.php?rest_route=%2Fwp%2Fv2%2Fmedia&parent=172"}],"wp:term":[{"taxonomy":"category","embeddable":true,"href":"https:\/\/eva.sundstrom.st\/index.php?rest_route=%2Fwp%2Fv2%2Fcategories&post=172"},{"taxonomy":"post_tag","embeddable":true,"href":"https:\/\/eva.sundstrom.st\/index.php?rest_route=%2Fwp%2Fv2%2Ftags&post=172"}],"curies":[{"name":"wp","href":"https:\/\/api.w.org\/{rel}","templated":true}]}}