{"id":179,"date":"2007-07-28T11:43:54","date_gmt":"2007-07-28T10:43:54","guid":{"rendered":"http:\/\/www.eva.sundstrom.st\/?p=179"},"modified":"2007-07-28T11:43:54","modified_gmt":"2007-07-28T10:43:54","slug":"kara-besok-kanns-alltid-for-korta","status":"publish","type":"post","link":"https:\/\/eva.sundstrom.st\/?p=179","title":{"rendered":"K"},"content":{"rendered":"<p> G\u00e4sterna har \u00e5kt!?<br \/>\nHerr B har \u00e5kt till Mantorp tillsammans med \u00e4ldste och yngste sonen.<br \/>\nEn viss sorts h\u00e4stkrafter d\u00e4r som drar. Kan inte riktigt f\u00f6rst\u00e5 det d\u00e4r fast det finns andra som g\u00f6r det har jag f\u00f6rst\u00e5tt. <\/p>\n<p>Okej, dom f\u00e5r g\u00e4rna roa sig lite dom ocks\u00e5.<br \/>\nMig g\u00e5r det ingen n\u00f6d p\u00e5. Jag sitter h\u00e4r en stund och sedan har jag t\u00e4ngt sticka o sticka. Ingen av herrarn tycker det \u00e4r roligt s\u00e5 det g\u00e5r v\u00e4ll j\u00e4mt upp.!<\/p>\n<p>I g\u00e5r bes\u00f6kte vi M o J i Karlstad. Alla vill tr\u00e4ffa alla n\u00e4r l\u00e5ngv\u00e4ga sl\u00e4ktingar kommer p\u00e5 bes\u00f6k.<br \/>\nDom odlar s\u00e5 gott det g\u00e5r i krukor p\u00e5 sin lilla uteplats.<\/p>\n<p>Den h\u00e4r fuxian fick M f\u00f6rra \u00e5ret och har lyckat \u00f6vervintra den.<\/p>\n<p><a href='http:\/\/www.eva.sundstrom.st\/wp-content\/upload\/dsc00497.jpg' title='dsc00497.jpg'><img src='http:\/\/www.eva.sundstrom.st\/wp-content\/upload\/dsc00497.jpg' alt='dsc00497.jpg' \/><\/a> <\/p>\n<p> <a href='http:\/\/www.eva.sundstrom.st\/wp-content\/upload\/dsc00496.jpg' title='dsc00496.jpg'><img src='http:\/\/www.eva.sundstrom.st\/wp-content\/upload\/dsc00496.tumnagel.jpg' alt='dsc00496.jpg' \/><\/a><\/p>\n<p>Har sj\u00e4lv f\u00f6rs\u00f6kt \u00f6vervintra fuxia m\u00e5nga g\u00e5nger men det har jag slutat med.<br \/>\n*<\/p>\n<p>En petunia med s\u00e5 h\u00e4rligt lysande r\u00f6d f\u00e4rg och n\u00e5got gr\u00f6nt satt i en liten zinkbalja.<\/p>\n<p><a href='http:\/\/www.eva.sundstrom.st\/wp-content\/upload\/dsc00494.jpg' title='dsc00494.jpg'><img src='http:\/\/www.eva.sundstrom.st\/wp-content\/upload\/dsc00494.jpg' alt='dsc00494.jpg' \/><\/a>  <\/p>\n<p><a href='http:\/\/www.eva.sundstrom.st\/wp-content\/upload\/dsc00495.jpg' title='dsc00495.jpg'><img src='http:\/\/www.eva.sundstrom.st\/wp-content\/upload\/dsc00495.tumnagel.jpg' alt='dsc00495.jpg' \/><\/a><br \/>\n*<\/p>\n<p>I ett annat fat satt tv\u00e5 olika bl\u00e5 petunior  och en bl\u00e5 femtunga.<\/p>\n<p><a href='http:\/\/www.eva.sundstrom.st\/wp-content\/upload\/dsc00499.jpg' title='dsc00499.jpg'><img src='http:\/\/www.eva.sundstrom.st\/wp-content\/upload\/dsc00499.jpg' alt='dsc00499.jpg' \/><\/a> <\/p>\n<p> <a href='http:\/\/www.eva.sundstrom.st\/wp-content\/upload\/dsc00501.jpg' title='dsc00501.jpg'><img src='http:\/\/www.eva.sundstrom.st\/wp-content\/upload\/dsc00501.tumnagel.jpg' alt='dsc00501.jpg' \/><\/a><br \/>\n*<\/p>\n<p>En rosa pelargon har hon lyckats h\u00e5lla vid liv i flera \u00e5r. Kanske har hon f\u00f6ryngrat den d\u00e5 och d\u00e5.<br \/>\nTycker den har s\u00e5 vacker rosa f\u00e4rg.<\/p>\n<p><a href='http:\/\/www.eva.sundstrom.st\/wp-content\/upload\/dsc00504.jpg' title='dsc00504.jpg'><img src='http:\/\/www.eva.sundstrom.st\/wp-content\/upload\/dsc00504.jpg' alt='dsc00504.jpg' \/><\/a><br \/>\n*<\/p>\n<p>Inne hade hon, bland annat, En porslinsblomma <\/p>\n<p><a href='http:\/\/www.eva.sundstrom.st\/wp-content\/upload\/dsc00510.jpg' title='dsc00510.jpg'><img src='http:\/\/www.eva.sundstrom.st\/wp-content\/upload\/dsc00510.jpg' alt='dsc00510.jpg' \/><\/a><br \/>\n*<\/p>\n<p>och en orkide som blommar om!!<\/p>\n<p><a href='http:\/\/www.eva.sundstrom.st\/wp-content\/upload\/dsc00511.jpg' title='dsc00511.jpg'><img src='http:\/\/www.eva.sundstrom.st\/wp-content\/upload\/dsc00511.jpg' alt='dsc00511.jpg' \/><\/a> <\/p>\n<p><a href='http:\/\/www.eva.sundstrom.st\/wp-content\/upload\/dsc00512.jpg' title='dsc00512.jpg'><img src='http:\/\/www.eva.sundstrom.st\/wp-content\/upload\/dsc00512.tumnagel.jpg' alt='dsc00512.jpg' \/><\/a><\/p>\n<p>Bilderna f\u00e5r tala sitt eget spr\u00e5k.<\/p>\n<p>Vi tillbringade en trevlig eftermiddag tillsammans trots att regnet skv\u00e4tte d\u00e5 och d\u00e5.<br \/>\n\u00c4ven \u00e5skan mullrade n\u00e5gra g\u00e5nger. <\/p>\n<p>Tack f\u00f6r god bl\u00e5b\u00e4rspaj<\/p>\n<p><a href='http:\/\/www.eva.sundstrom.st\/wp-content\/upload\/dsc00507.jpg' title='dsc00507.jpg'><img src='http:\/\/www.eva.sundstrom.st\/wp-content\/upload\/dsc00507.jpg' alt='dsc00507.jpg' \/><\/a><\/p>\n<p>Kaffe och mat. <\/p>\n<p>Nu ska jag se till mitt v\u00e4xthus och sedan plocka fram sticknigen. Kanske f\u00e5r den f\u00f6lja med ut i v\u00e4xthuset!!!<br \/>\nM\u00e5 gott <\/p>\n","protected":false},"excerpt":{"rendered":"<p>G\u00e4sterna har \u00e5kt!? Herr B har \u00e5kt till Mantorp tillsammans med \u00e4ldste och yngste sonen. En viss sorts h\u00e4stkrafter d\u00e4r som drar. Kan inte riktigt f\u00f6rst\u00e5 det d\u00e4r fast det finns andra som g\u00f6r det har jag f\u00f6rst\u00e5tt. Okej, dom f\u00e5r g\u00e4rna roa sig lite dom ocks\u00e5. Mig g\u00e5r det ingen n\u00f6d p\u00e5. Jag sitter [&hellip;]<\/p>\n","protected":false},"author":1,"featured_media":0,"comment_status":"open","ping_status":"open","sticky":false,"template":"","format":"standard","meta":{"footnotes":""},"categories":[1],"tags":[],"class_list":["post-179","post","type-post","status-publish","format-standard","hentry","category-uncategorized"],"_links":{"self":[{"href":"https:\/\/eva.sundstrom.st\/index.php?rest_route=\/wp\/v2\/posts\/179","targetHints":{"allow":["GET"]}}],"collection":[{"href":"https:\/\/eva.sundstrom.st\/index.php?rest_route=\/wp\/v2\/posts"}],"about":[{"href":"https:\/\/eva.sundstrom.st\/index.php?rest_route=\/wp\/v2\/types\/post"}],"author":[{"embeddable":true,"href":"https:\/\/eva.sundstrom.st\/index.php?rest_route=\/wp\/v2\/users\/1"}],"replies":[{"embeddable":true,"href":"https:\/\/eva.sundstrom.st\/index.php?rest_route=%2Fwp%2Fv2%2Fcomments&post=179"}],"version-history":[{"count":0,"href":"https:\/\/eva.sundstrom.st\/index.php?rest_route=\/wp\/v2\/posts\/179\/revisions"}],"wp:attachment":[{"href":"https:\/\/eva.sundstrom.st\/index.php?rest_route=%2Fwp%2Fv2%2Fmedia&parent=179"}],"wp:term":[{"taxonomy":"category","embeddable":true,"href":"https:\/\/eva.sundstrom.st\/index.php?rest_route=%2Fwp%2Fv2%2Fcategories&post=179"},{"taxonomy":"post_tag","embeddable":true,"href":"https:\/\/eva.sundstrom.st\/index.php?rest_route=%2Fwp%2Fv2%2Ftags&post=179"}],"curies":[{"name":"wp","href":"https:\/\/api.w.org\/{rel}","templated":true}]}}