{"id":1807,"date":"2009-10-28T17:36:38","date_gmt":"2009-10-28T16:36:38","guid":{"rendered":"http:\/\/www.eva.sundstrom.st\/?p=1807"},"modified":"2009-10-28T17:36:38","modified_gmt":"2009-10-28T16:36:38","slug":"nya-vaxter-i-hinken","status":"publish","type":"post","link":"https:\/\/eva.sundstrom.st\/?p=1807","title":{"rendered":"Nya v\u00e4xter i hinken"},"content":{"rendered":"<p>Vill b\u00f6rja med att tacka f\u00f6r alla mormorsgratulationer. Detta \u00e4r en ny fas i mitt liv och det k\u00e4nns sp\u00e4nnande.<\/p>\n<p><img loading=\"lazy\" decoding=\"async\" src=\"http:\/\/www.eva.sundstrom.st\/wp-content\/upload\/dsc05381-231x300.jpg\" alt=\"dsc05381\" title=\"dsc05381\" width=\"231\" height=\"300\" class=\"aligncenter size-medium wp-image-1808\" srcset=\"https:\/\/eva.sundstrom.st\/wp-content\/upload\/dsc05381-231x300.jpg 231w, https:\/\/eva.sundstrom.st\/wp-content\/upload\/dsc05381.jpg 272w\" sizes=\"auto, (max-width: 231px) 100vw, 231px\" \/><\/p>\n<p>H\u00f6sten \u00e4r h\u00e4r, det \u00e4r bara att gilla l\u00e4get.<br \/>\nFattar inte vart sommaren tog v\u00e4gen.<br \/>\nTycker nog om h\u00f6sten ocks\u00e5, n\u00e4r det \u00e4r dagar som i dag. H\u00f6g luft och str\u00e5lande sol! <\/p>\n<p>Det har bara varit s\u00e5 mycket gr\u00e5tt surv\u00e4der och det tycker varken jag eller mina luftr\u00f6r om.<\/p>\n<p><img loading=\"lazy\" decoding=\"async\" src=\"http:\/\/www.eva.sundstrom.st\/wp-content\/upload\/dsc05382-204x300.jpg\" alt=\"dsc05382\" title=\"dsc05382\" width=\"204\" height=\"300\" class=\"alignleft size-medium wp-image-1809\" srcset=\"https:\/\/eva.sundstrom.st\/wp-content\/upload\/dsc05382-204x300.jpg 204w, https:\/\/eva.sundstrom.st\/wp-content\/upload\/dsc05382.jpg 233w\" sizes=\"auto, (max-width: 204px) 100vw, 204px\" \/>      <img loading=\"lazy\" decoding=\"async\" src=\"http:\/\/www.eva.sundstrom.st\/wp-content\/upload\/dsc05383-183x300.jpg\" alt=\"dsc05383\" title=\"dsc05383\" width=\"183\" height=\"300\" class=\"aligncenter size-medium wp-image-1810\" srcset=\"https:\/\/eva.sundstrom.st\/wp-content\/upload\/dsc05383-183x300.jpg 183w, https:\/\/eva.sundstrom.st\/wp-content\/upload\/dsc05383.jpg 206w\" sizes=\"auto, (max-width: 183px) 100vw, 183px\" \/><\/p>\n<p>  Har \u00e4ntligen  l\u00e4st ut den h\u00e4r boken. Det tog s\u00e4kert tv\u00e5 m\u00e5nader, och den \u00e4r inte tjock.<\/p>\n<p>I mina \u00f6gon en mycket konstig bok.<\/p>\n<p>Den ligger p\u00e5 minussidan i min betygs\u00e4ttning.<\/p>\n<p>\u00c5sa Larsson d\u00e4remot tog bara en vecka.<\/p>\n<p><img loading=\"lazy\" decoding=\"async\" src=\"http:\/\/www.eva.sundstrom.st\/wp-content\/upload\/dsc05384-207x300.jpg\" alt=\"dsc05384\" title=\"dsc05384\" width=\"207\" height=\"300\" class=\"alignleft size-medium wp-image-1811\" srcset=\"https:\/\/eva.sundstrom.st\/wp-content\/upload\/dsc05384-207x300.jpg 207w, https:\/\/eva.sundstrom.st\/wp-content\/upload\/dsc05384.jpg 252w\" sizes=\"auto, (max-width: 207px) 100vw, 207px\" \/>    <img loading=\"lazy\" decoding=\"async\" src=\"http:\/\/www.eva.sundstrom.st\/wp-content\/upload\/dsc05385-246x300.jpg\" alt=\"dsc05385\" title=\"dsc05385\" width=\"246\" height=\"300\" class=\"aligncenter size-medium wp-image-1812\" srcset=\"https:\/\/eva.sundstrom.st\/wp-content\/upload\/dsc05385-246x300.jpg 246w, https:\/\/eva.sundstrom.st\/wp-content\/upload\/dsc05385.jpg 271w\" sizes=\"auto, (max-width: 246px) 100vw, 246px\" \/><\/p>\n<p>Denna bok ligger klart p\u00e5 plussidan.<br \/>\nI kv\u00e4ll p\u00e5b\u00f6rjas en ny.<br \/>\n M\u00e5 s\u00e5 gott<\/p>\n","protected":false},"excerpt":{"rendered":"<p>Vill b\u00f6rja med att tacka f\u00f6r alla mormorsgratulationer. Detta \u00e4r en ny fas i mitt liv och det k\u00e4nns sp\u00e4nnande. H\u00f6sten \u00e4r h\u00e4r, det \u00e4r bara att gilla l\u00e4get. Fattar inte vart sommaren tog v\u00e4gen. Tycker nog om h\u00f6sten ocks\u00e5, n\u00e4r det \u00e4r dagar som i dag. H\u00f6g luft och str\u00e5lande sol! Det har bara [&hellip;]<\/p>\n","protected":false},"author":1,"featured_media":0,"comment_status":"open","ping_status":"open","sticky":false,"template":"","format":"standard","meta":{"footnotes":""},"categories":[4,3],"tags":[],"class_list":["post-1807","post","type-post","status-publish","format-standard","hentry","category-allmant","category-bocker"],"_links":{"self":[{"href":"https:\/\/eva.sundstrom.st\/index.php?rest_route=\/wp\/v2\/posts\/1807","targetHints":{"allow":["GET"]}}],"collection":[{"href":"https:\/\/eva.sundstrom.st\/index.php?rest_route=\/wp\/v2\/posts"}],"about":[{"href":"https:\/\/eva.sundstrom.st\/index.php?rest_route=\/wp\/v2\/types\/post"}],"author":[{"embeddable":true,"href":"https:\/\/eva.sundstrom.st\/index.php?rest_route=\/wp\/v2\/users\/1"}],"replies":[{"embeddable":true,"href":"https:\/\/eva.sundstrom.st\/index.php?rest_route=%2Fwp%2Fv2%2Fcomments&post=1807"}],"version-history":[{"count":8,"href":"https:\/\/eva.sundstrom.st\/index.php?rest_route=\/wp\/v2\/posts\/1807\/revisions"}],"predecessor-version":[{"id":1820,"href":"https:\/\/eva.sundstrom.st\/index.php?rest_route=\/wp\/v2\/posts\/1807\/revisions\/1820"}],"wp:attachment":[{"href":"https:\/\/eva.sundstrom.st\/index.php?rest_route=%2Fwp%2Fv2%2Fmedia&parent=1807"}],"wp:term":[{"taxonomy":"category","embeddable":true,"href":"https:\/\/eva.sundstrom.st\/index.php?rest_route=%2Fwp%2Fv2%2Fcategories&post=1807"},{"taxonomy":"post_tag","embeddable":true,"href":"https:\/\/eva.sundstrom.st\/index.php?rest_route=%2Fwp%2Fv2%2Ftags&post=1807"}],"curies":[{"name":"wp","href":"https:\/\/api.w.org\/{rel}","templated":true}]}}