{"id":1822,"date":"2009-10-30T19:03:16","date_gmt":"2009-10-30T18:03:16","guid":{"rendered":"http:\/\/www.eva.sundstrom.st\/?p=1822"},"modified":"2009-10-30T19:03:16","modified_gmt":"2009-10-30T18:03:16","slug":"for-stort-igen","status":"publish","type":"post","link":"https:\/\/eva.sundstrom.st\/?p=1822","title":{"rendered":"F\u00f6r stort igen!"},"content":{"rendered":"<p>Inte \u00e4r det l\u00e4tt att f\u00e5 n\u00e5got som passar till Otto men han tycks alltid vara lika glad \u00e4nd\u00e5.<\/p>\n<p><img loading=\"lazy\" decoding=\"async\" src=\"http:\/\/www.eva.sundstrom.st\/wp-content\/upload\/dsc05389-300x224.jpg\" alt=\"dsc05389\" title=\"dsc05389\" width=\"300\" height=\"224\" class=\"aligncenter size-medium wp-image-1832\" srcset=\"https:\/\/eva.sundstrom.st\/wp-content\/upload\/dsc05389-300x224.jpg 300w, https:\/\/eva.sundstrom.st\/wp-content\/upload\/dsc05389.jpg 430w\" sizes=\"auto, (max-width: 300px) 100vw, 300px\" \/><\/p>\n<p>Nu finns det ju faktiskt en till liten  krabat som koftan f\u00f6rhoppningsvis passar b\u00e4ttre p\u00e5.<br \/>\nH\u00e4r poserar han p\u00e5 ett alldeles nyink\u00f6pt f\u00e5rskinn.<br \/>\nIngen kan v\u00e4ll gissa vem som ska f\u00e5 det?<\/p>\n<p>Lite n\u00e4rbild p\u00e5 f\u00e4rgerna<\/p>\n<p><img loading=\"lazy\" decoding=\"async\" src=\"http:\/\/www.eva.sundstrom.st\/wp-content\/upload\/dsc05390-300x155.jpg\" alt=\"dsc05390\" title=\"dsc05390\" width=\"300\" height=\"155\" class=\"aligncenter size-medium wp-image-1833\" srcset=\"https:\/\/eva.sundstrom.st\/wp-content\/upload\/dsc05390-300x155.jpg 300w, https:\/\/eva.sundstrom.st\/wp-content\/upload\/dsc05390.jpg 368w\" sizes=\"auto, (max-width: 300px) 100vw, 300px\" \/><\/p>\n<p>Det var allt f\u00f6r i dag.<br \/>\n\u00d6nskar er alla en fin helg.<\/p>\n","protected":false},"excerpt":{"rendered":"<p>Inte \u00e4r det l\u00e4tt att f\u00e5 n\u00e5got som passar till Otto men han tycks alltid vara lika glad \u00e4nd\u00e5. Nu finns det ju faktiskt en till liten krabat som koftan f\u00f6rhoppningsvis passar b\u00e4ttre p\u00e5. H\u00e4r poserar han p\u00e5 ett alldeles nyink\u00f6pt f\u00e5rskinn. Ingen kan v\u00e4ll gissa vem som ska f\u00e5 det? Lite n\u00e4rbild p\u00e5 f\u00e4rgerna [&hellip;]<\/p>\n","protected":false},"author":1,"featured_media":0,"comment_status":"open","ping_status":"open","sticky":false,"template":"","format":"standard","meta":{"footnotes":""},"categories":[4,5],"tags":[],"class_list":["post-1822","post","type-post","status-publish","format-standard","hentry","category-allmant","category-fran-garnlagret"],"_links":{"self":[{"href":"https:\/\/eva.sundstrom.st\/index.php?rest_route=\/wp\/v2\/posts\/1822","targetHints":{"allow":["GET"]}}],"collection":[{"href":"https:\/\/eva.sundstrom.st\/index.php?rest_route=\/wp\/v2\/posts"}],"about":[{"href":"https:\/\/eva.sundstrom.st\/index.php?rest_route=\/wp\/v2\/types\/post"}],"author":[{"embeddable":true,"href":"https:\/\/eva.sundstrom.st\/index.php?rest_route=\/wp\/v2\/users\/1"}],"replies":[{"embeddable":true,"href":"https:\/\/eva.sundstrom.st\/index.php?rest_route=%2Fwp%2Fv2%2Fcomments&post=1822"}],"version-history":[{"count":6,"href":"https:\/\/eva.sundstrom.st\/index.php?rest_route=\/wp\/v2\/posts\/1822\/revisions"}],"predecessor-version":[{"id":1838,"href":"https:\/\/eva.sundstrom.st\/index.php?rest_route=\/wp\/v2\/posts\/1822\/revisions\/1838"}],"wp:attachment":[{"href":"https:\/\/eva.sundstrom.st\/index.php?rest_route=%2Fwp%2Fv2%2Fmedia&parent=1822"}],"wp:term":[{"taxonomy":"category","embeddable":true,"href":"https:\/\/eva.sundstrom.st\/index.php?rest_route=%2Fwp%2Fv2%2Fcategories&post=1822"},{"taxonomy":"post_tag","embeddable":true,"href":"https:\/\/eva.sundstrom.st\/index.php?rest_route=%2Fwp%2Fv2%2Ftags&post=1822"}],"curies":[{"name":"wp","href":"https:\/\/api.w.org\/{rel}","templated":true}]}}