{"id":19,"date":"2007-05-15T08:37:44","date_gmt":"2007-05-15T07:37:44","guid":{"rendered":"http:\/\/www.eva.sundstrom.st\/?p=19"},"modified":"2007-05-15T08:37:44","modified_gmt":"2007-05-15T07:37:44","slug":"tisdag","status":"publish","type":"post","link":"https:\/\/eva.sundstrom.st\/?p=19","title":{"rendered":"Tisdag."},"content":{"rendered":"<p>I dag skiner solen igen. Det k\u00e4nns bra f\u00f6r jag har alltid haft en negativ k\u00e4nnsla f\u00f6r tisdagar. Varf\u00f6r vet jag inte det bara \u00e4r s\u00e5.<\/p>\n<p>N\u00e4r det g\u00e4llrer tr\u00e4dg\u00e5rden s\u00e5 gl\u00f6mde jag L\u00f6jtnantshj\u00e4rtat. Det st\u00e5r ocks\u00e5 i full blomm. Hur kunde jag gl\u00f6mma det.<\/p>\n<p>I g\u00e5r var jag in till den stora staden \u00d6rebro. Sprang runt i olika aff\u00e4rer men h\u00f6ll mig str\u00e4ngt borta fr\u00e5n alla garnaff\u00e4rer. K\u00e4nde mig rent av lite n\u00f6jd n\u00e4r jag lyckades h\u00e5lla mitt l\u00f6fte, till mig sj\u00e4lv, att inte komma hem med mer garn.<\/p>\n<p>Efter aff\u00e4rsrundan skulle jag till min syster som fyllde pension\u00e4r. Nu \u00e4r tv\u00e5 av mina systra pension\u00e4rer,  hur det nu har g\u00e5tt till, tur att det finns fler systrar och att jag \u00e4r yngst. Inte f\u00f6r att jag skulle ha n\u00e5got emot mer tid hemma, men inneb\u00e4r det att man blir \u00e4ldre s\u00e5??? Ja man blir v\u00e4ll det i vilket fall som helst det \u00e4r nog bara att inse det.<br \/>\nD\u00e5 hon fyllde \u00e5r ville jag ju ha med mig en blomma. Det blev n\u00e5gra stycken att s\u00e4tta ihop i en st\u00f6rre kruka.<br \/>\nVar stenh\u00e5rd d\u00e4r ocks\u00e5 och fick bara med EN blomma hem till mig. En utplanteringsv\u00e4xt med m\u00f6rka dekorativa blad. Ska bli sp\u00e4nnande att se hur den blir. Fr\u00e5ga mig inte nu vad den heter f\u00f6r det namn som stod p\u00e5 krukan fastnade inte i min hj\u00e4rna.<\/p>\n<p>I dag v\u00e4ntar tv\u00e4tt och s\u00e5nt d\u00e4r sm\u00e5plock som liksom aldrig tar slut. Kanske hinner jag plantera om n\u00e5gra blommor i st\u00f6rre kruka och \u00e4ven att sticka lite. I g\u00e5r blev inte en maska stickad s\u00e5 nu suger det i sticktarmen.<br \/>\nHa en bra dag min  v\u00e4nner.<\/p>\n","protected":false},"excerpt":{"rendered":"<p>I dag skiner solen igen. Det k\u00e4nns bra f\u00f6r jag har alltid haft en negativ k\u00e4nnsla f\u00f6r tisdagar. Varf\u00f6r vet jag inte det bara \u00e4r s\u00e5. N\u00e4r det g\u00e4llrer tr\u00e4dg\u00e5rden s\u00e5 gl\u00f6mde jag L\u00f6jtnantshj\u00e4rtat. Det st\u00e5r ocks\u00e5 i full blomm. Hur kunde jag gl\u00f6mma det. I g\u00e5r var jag in till den stora staden \u00d6rebro. [&hellip;]<\/p>\n","protected":false},"author":1,"featured_media":0,"comment_status":"open","ping_status":"open","sticky":false,"template":"","format":"standard","meta":{"footnotes":""},"categories":[1],"tags":[],"class_list":["post-19","post","type-post","status-publish","format-standard","hentry","category-uncategorized"],"_links":{"self":[{"href":"https:\/\/eva.sundstrom.st\/index.php?rest_route=\/wp\/v2\/posts\/19","targetHints":{"allow":["GET"]}}],"collection":[{"href":"https:\/\/eva.sundstrom.st\/index.php?rest_route=\/wp\/v2\/posts"}],"about":[{"href":"https:\/\/eva.sundstrom.st\/index.php?rest_route=\/wp\/v2\/types\/post"}],"author":[{"embeddable":true,"href":"https:\/\/eva.sundstrom.st\/index.php?rest_route=\/wp\/v2\/users\/1"}],"replies":[{"embeddable":true,"href":"https:\/\/eva.sundstrom.st\/index.php?rest_route=%2Fwp%2Fv2%2Fcomments&post=19"}],"version-history":[{"count":0,"href":"https:\/\/eva.sundstrom.st\/index.php?rest_route=\/wp\/v2\/posts\/19\/revisions"}],"wp:attachment":[{"href":"https:\/\/eva.sundstrom.st\/index.php?rest_route=%2Fwp%2Fv2%2Fmedia&parent=19"}],"wp:term":[{"taxonomy":"category","embeddable":true,"href":"https:\/\/eva.sundstrom.st\/index.php?rest_route=%2Fwp%2Fv2%2Fcategories&post=19"},{"taxonomy":"post_tag","embeddable":true,"href":"https:\/\/eva.sundstrom.st\/index.php?rest_route=%2Fwp%2Fv2%2Ftags&post=19"}],"curies":[{"name":"wp","href":"https:\/\/api.w.org\/{rel}","templated":true}]}}