{"id":1907,"date":"2009-11-09T10:30:52","date_gmt":"2009-11-09T09:30:52","guid":{"rendered":"http:\/\/www.eva.sundstrom.st\/?p=1907"},"modified":"2009-11-09T10:30:52","modified_gmt":"2009-11-09T09:30:52","slug":"ny-garnaffar","status":"publish","type":"post","link":"https:\/\/eva.sundstrom.st\/?p=1907","title":{"rendered":"Ny Garnaff\u00e4r."},"content":{"rendered":"<p>Det \u00e4r inte var dag det \u00f6ppnar en ny garnaff\u00e4r i trakten men nu har det h\u00e4nt.<\/p>\n<p>Det \u00e4r Ingrid Lundqvist som har \u00f6ppnat <a href=\"http:\/\/garntorpet.se\">Garntorpet<\/a><\/p>\n<p>Det var invigning i helgen en v\u00e4ninna och jag var dit och vi blev inte besvikna.<br \/>\nDet bj\u00f6ds p\u00e5 kaffe och t\u00e5rta och inte vilken t\u00e5rta som helst.<\/p>\n<p><img loading=\"lazy\" decoding=\"async\" src=\"http:\/\/www.eva.sundstrom.st\/wp-content\/upload\/2009-nov-0025-224x300.jpg\" alt=\"2009-nov-0025\" title=\"2009-nov-0025\" width=\"224\" height=\"300\" class=\"aligncenter size-medium wp-image-1923\" srcset=\"https:\/\/eva.sundstrom.st\/wp-content\/upload\/2009-nov-0025-224x300.jpg 224w, https:\/\/eva.sundstrom.st\/wp-content\/upload\/2009-nov-0025-767x1024.jpg 767w, https:\/\/eva.sundstrom.st\/wp-content\/upload\/2009-nov-0025.jpg 800w\" sizes=\"auto, (max-width: 224px) 100vw, 224px\" \/><\/p>\n<p>Huset p\u00e5 t\u00e5rtan \u00e4r en kopia av det hus som numera \u00e4r garnbod. Det fanns gott om t\u00e5rta kvar n\u00e4r vi kom p\u00e5 s\u00f6ndag eftermiddag men n\u00e4r jag s\u00e5g kortet h\u00e4r f\u00f6rst\u00e5r jag ju att det varit m\u00e5nga d\u00e4r och smakat innan.<br \/>\nMin kamera var naturligtvis kvar hemma. Dom h\u00e4r tre bilderna har jag f\u00e5tt av Ingrid.<\/p>\n<p><img loading=\"lazy\" decoding=\"async\" src=\"http:\/\/www.eva.sundstrom.st\/wp-content\/upload\/2009-nov-019-300x225.jpg\" alt=\"2009-nov-019\" title=\"2009-nov-019\" width=\"300\" height=\"225\" class=\"aligncenter size-medium wp-image-1906\" srcset=\"https:\/\/eva.sundstrom.st\/wp-content\/upload\/2009-nov-019-300x225.jpg 300w, https:\/\/eva.sundstrom.st\/wp-content\/upload\/2009-nov-019.jpg 800w\" sizes=\"auto, (max-width: 300px) 100vw, 300px\" \/><\/p>\n<p>Det var verkligen garn fr\u00e5n golv till tak. Stickor, knappar och allehanda tillbeh\u00f6r. M\u00f6nster kataloger och &#8230;.<br \/>\nI mina \u00f6gon var bes\u00f6ket en fr\u00f6jd f\u00f6r b\u00e5de \u00f6ga och sj\u00e4l.<\/p>\n<p><img loading=\"lazy\" decoding=\"async\" src=\"http:\/\/www.eva.sundstrom.st\/wp-content\/upload\/2009-nov-023-300x225.jpg\" alt=\"2009-nov-023\" title=\"2009-nov-023\" width=\"300\" height=\"225\" class=\"aligncenter size-medium wp-image-1917\" srcset=\"https:\/\/eva.sundstrom.st\/wp-content\/upload\/2009-nov-023-300x225.jpg 300w, https:\/\/eva.sundstrom.st\/wp-content\/upload\/2009-nov-023.jpg 800w\" sizes=\"auto, (max-width: 300px) 100vw, 300px\" \/><\/p>\n<p>Klart att det var n\u00e5gra nystan som kl\u00e4ngde sig fast och absolut ville byta bostad.<\/p>\n<p><img loading=\"lazy\" decoding=\"async\" src=\"http:\/\/www.eva.sundstrom.st\/wp-content\/upload\/dsc05417.jpg\" alt=\"dsc05417\" title=\"dsc05417\" width=\"368\" height=\"276\" class=\"aligncenter size-full wp-image-1930\" srcset=\"https:\/\/eva.sundstrom.st\/wp-content\/upload\/dsc05417.jpg 368w, https:\/\/eva.sundstrom.st\/wp-content\/upload\/dsc05417-300x225.jpg 300w\" sizes=\"auto, (max-width: 368px) 100vw, 368px\" \/><\/p>\n<p>Det blev tv\u00e5 olika f\u00e4rger av sandnes minipalett superwash och n\u00e5gra nystan ull-flame.<\/p>\n<p>S\u00e5 har garnlagret fyllts p\u00e5 ytterligare. Tror inte det har minskat n\u00e5got under \u00e5ret fast det var min goda f\u00f6resats.<\/p>\n<p>S\u00f6ndagen avslutades med mat p\u00e5 kinarestaurang och d\u00e4refter biobes\u00f6k d\u00e4r vi s\u00e5g<br \/>\nFlickan som lekte med elden.<br \/>\nEn riktigt bra helg som fick en extra guldkant d\u00e5 en av s\u00f6nerna med sambo kom hem \u00f6ver helgen.<\/p>\n<p>\u00d6nskar er alla en bra vecka.<\/p>\n","protected":false},"excerpt":{"rendered":"<p>Det \u00e4r inte var dag det \u00f6ppnar en ny garnaff\u00e4r i trakten men nu har det h\u00e4nt. Det \u00e4r Ingrid Lundqvist som har \u00f6ppnat Garntorpet Det var invigning i helgen en v\u00e4ninna och jag var dit och vi blev inte besvikna. Det bj\u00f6ds p\u00e5 kaffe och t\u00e5rta och inte vilken t\u00e5rta som helst. Huset p\u00e5 [&hellip;]<\/p>\n","protected":false},"author":1,"featured_media":0,"comment_status":"open","ping_status":"open","sticky":false,"template":"","format":"standard","meta":{"footnotes":""},"categories":[4],"tags":[],"class_list":["post-1907","post","type-post","status-publish","format-standard","hentry","category-allmant"],"_links":{"self":[{"href":"https:\/\/eva.sundstrom.st\/index.php?rest_route=\/wp\/v2\/posts\/1907","targetHints":{"allow":["GET"]}}],"collection":[{"href":"https:\/\/eva.sundstrom.st\/index.php?rest_route=\/wp\/v2\/posts"}],"about":[{"href":"https:\/\/eva.sundstrom.st\/index.php?rest_route=\/wp\/v2\/types\/post"}],"author":[{"embeddable":true,"href":"https:\/\/eva.sundstrom.st\/index.php?rest_route=\/wp\/v2\/users\/1"}],"replies":[{"embeddable":true,"href":"https:\/\/eva.sundstrom.st\/index.php?rest_route=%2Fwp%2Fv2%2Fcomments&post=1907"}],"version-history":[{"count":19,"href":"https:\/\/eva.sundstrom.st\/index.php?rest_route=\/wp\/v2\/posts\/1907\/revisions"}],"predecessor-version":[{"id":1932,"href":"https:\/\/eva.sundstrom.st\/index.php?rest_route=\/wp\/v2\/posts\/1907\/revisions\/1932"}],"wp:attachment":[{"href":"https:\/\/eva.sundstrom.st\/index.php?rest_route=%2Fwp%2Fv2%2Fmedia&parent=1907"}],"wp:term":[{"taxonomy":"category","embeddable":true,"href":"https:\/\/eva.sundstrom.st\/index.php?rest_route=%2Fwp%2Fv2%2Fcategories&post=1907"},{"taxonomy":"post_tag","embeddable":true,"href":"https:\/\/eva.sundstrom.st\/index.php?rest_route=%2Fwp%2Fv2%2Ftags&post=1907"}],"curies":[{"name":"wp","href":"https:\/\/api.w.org\/{rel}","templated":true}]}}