{"id":192,"date":"2007-07-30T16:57:26","date_gmt":"2007-07-30T15:57:26","guid":{"rendered":"http:\/\/www.eva.sundstrom.st\/?p=192"},"modified":"2007-07-30T17:01:46","modified_gmt":"2007-07-30T16:01:46","slug":"femstjarnig-rastplats","status":"publish","type":"post","link":"https:\/\/eva.sundstrom.st\/?p=192","title":{"rendered":"Femstj"},"content":{"rendered":"<p>S\u00e5 h\u00e4r i semestrtider kan tillvaron var lite mer ober\u00e4knerlig \u00e4n annars.<br \/>\nL\u00f6rdag f\u00f6rmidda, ja l\u00f6rdagen har jag ju redan ber\u00e4ttat om.<br \/>\nSatt d\u00e4r ute i v\u00e4xthuset och l\u00e4ste, drack kaffe och stickade. Det var en riktigt bra dag.<\/p>\n<p>Herrarna kom hem ganska sent, klart n\u00f6jda med dagen, trots att det hade regnat och t\u00e4vlingarna dragit ut p\u00e5 tiden. <\/p>\n<p>Under kv\u00e4llen ringer  min sv\u00e4gerska B, jag har fyra sv\u00e4gerskor, och fr\u00e5gar om det finns m\u00f6jlighet att \u00f6vernatta. Beh\u00f6ver man fundera?? Klart det finns m\u00f6jlighet till det.<br \/>\nTv\u00e5 g\u00e4ster \u00e5ker och fem kommer.<\/p>\n<p>Dom har varit med sin husbil<\/p>\n<p><a href='http:\/\/www.eva.sundstrom.st\/wp-content\/upload\/dsc00692.jpg' title='dsc00692.jpg'><img src='http:\/\/www.eva.sundstrom.st\/wp-content\/upload\/dsc00692.jpg' alt='dsc00692.jpg' \/><\/a><\/p>\n<p>ner till Frankrike och h\u00e4lsat p\u00e5 hos en dotter. <\/p>\n<p>P\u00e5 s\u00f6ndag morgon  g\u00e5r vi en runda i tr\u00e4dg\u00e5rden f\u00f6r att visa v\u00e4xthust som inte fanns h\u00e4r vid f\u00f6rra bes\u00f6ket.<br \/>\nFram med kameran igen. En annan av mina dagliljor har slagit ut. <\/p>\n<p><a href='http:\/\/www.eva.sundstrom.st\/wp-content\/upload\/dsc00690.jpg' title='dsc00690.jpg'><img src='http:\/\/www.eva.sundstrom.st\/wp-content\/upload\/dsc00690.jpg' alt='dsc00690.jpg' \/><\/a><\/p>\n<p>Den \u00e4r s\u00e5 l\u00e5g s\u00e5 jag undrar om det \u00e4r n\u00e5gon mini modell.<\/p>\n<p>I en annnan rabatt blommar rosa rosor och s\u00e5 finns det knopp p\u00e5 en gul ros. Den fanns h\u00e4r redan n\u00e4r vi flyttade hit.<\/p>\n<p><a href='http:\/\/www.eva.sundstrom.st\/wp-content\/upload\/dsc00702.jpg' title='dsc00702.jpg'><img src='http:\/\/www.eva.sundstrom.st\/wp-content\/upload\/dsc00702.jpg' alt='dsc00702.jpg' \/><\/a><\/p>\n<p><a href='http:\/\/www.eva.sundstrom.st\/wp-content\/upload\/dsc00700.jpg' title='dsc00700.jpg'><img src='http:\/\/www.eva.sundstrom.st\/wp-content\/upload\/dsc00700.jpg' alt='dsc00700.jpg' \/><\/a><\/p>\n<p>H\u00e4r blev, oss kvinnor emellan, nya infallsvinklar p\u00e5 teman som tr\u00e4dg\u00e5rd, v\u00e4vning och stickning.<br \/>\nSv\u00e4gerskan b\u00f6rjade sticka p\u00e5 en m\u00f6nsterstickad halsduk, smalare rak sjal. F\u00e5r nog tigga till mig ett kort p\u00e5 den. <\/p>\n<p>Herr B fick lov att bjuda tv\u00e5 av d\u00f6ttrarna p\u00e5 en \u00e5ktur.<\/p>\n<p><a href='http:\/\/www.eva.sundstrom.st\/wp-content\/upload\/dsc00695.jpg' title='dsc00695.jpg'><img src='http:\/\/www.eva.sundstrom.st\/wp-content\/upload\/dsc00695.jpg' alt='dsc00695.jpg' \/><\/a> * * * * <a href='http:\/\/www.eva.sundstrom.st\/wp-content\/upload\/dsc00696.jpg' title='dsc00696.jpg'><img src='http:\/\/www.eva.sundstrom.st\/wp-content\/upload\/dsc00696.jpg' alt='dsc00696.jpg' \/><\/a><\/p>\n<p>Av v\u00e5ra tidigare g\u00e4ster fick jag denna s\u00f6ta flaska med s\u00f6tt inneh\u00e5ll.<\/p>\n<p><a href='http:\/\/www.eva.sundstrom.st\/wp-content\/upload\/dsc00698.jpg' title='dsc00698.jpg'><img src='http:\/\/www.eva.sundstrom.st\/wp-content\/upload\/dsc00698.jpg' alt='dsc00698.jpg' \/><\/a><\/p>\n<p>Inneh\u00e5llet avsmkades till efterr\u00e4tt med sockerkaka, glass och kaffe. Gott.Tack M o H f\u00f6r denna annorlunda sirap.<\/p>\n<p>Efter tv\u00e5 \u00f6vernattningar p\u00e5 &#8221;Evas&#8221; kamping blev betyget fem stj\u00e4rnor. Fri tillg\u00e5ng till dusch, el, frukost, lunch och middag. Detta p\u00e5 skoj. \u00d6vernattnigar hade skett p\u00e5 olika st\u00e4llen och jag f\u00f6rstod att standarden varit skiftande.<\/p>\n<p>Det \u00e4r bara s\u00e5 roligt n\u00e4r det kommer sl\u00e4ktingar och v\u00e4nner fr\u00e5n norr.<br \/>\nM\u00e5 gott<\/p>\n","protected":false},"excerpt":{"rendered":"<p>S\u00e5 h\u00e4r i semestrtider kan tillvaron var lite mer ober\u00e4knerlig \u00e4n annars. L\u00f6rdag f\u00f6rmidda, ja l\u00f6rdagen har jag ju redan ber\u00e4ttat om. Satt d\u00e4r ute i v\u00e4xthuset och l\u00e4ste, drack kaffe och stickade. Det var en riktigt bra dag. Herrarna kom hem ganska sent, klart n\u00f6jda med dagen, trots att det hade regnat och t\u00e4vlingarna [&hellip;]<\/p>\n","protected":false},"author":1,"featured_media":0,"comment_status":"open","ping_status":"open","sticky":false,"template":"","format":"standard","meta":{"footnotes":""},"categories":[1],"tags":[],"class_list":["post-192","post","type-post","status-publish","format-standard","hentry","category-uncategorized"],"_links":{"self":[{"href":"https:\/\/eva.sundstrom.st\/index.php?rest_route=\/wp\/v2\/posts\/192","targetHints":{"allow":["GET"]}}],"collection":[{"href":"https:\/\/eva.sundstrom.st\/index.php?rest_route=\/wp\/v2\/posts"}],"about":[{"href":"https:\/\/eva.sundstrom.st\/index.php?rest_route=\/wp\/v2\/types\/post"}],"author":[{"embeddable":true,"href":"https:\/\/eva.sundstrom.st\/index.php?rest_route=\/wp\/v2\/users\/1"}],"replies":[{"embeddable":true,"href":"https:\/\/eva.sundstrom.st\/index.php?rest_route=%2Fwp%2Fv2%2Fcomments&post=192"}],"version-history":[{"count":0,"href":"https:\/\/eva.sundstrom.st\/index.php?rest_route=\/wp\/v2\/posts\/192\/revisions"}],"wp:attachment":[{"href":"https:\/\/eva.sundstrom.st\/index.php?rest_route=%2Fwp%2Fv2%2Fmedia&parent=192"}],"wp:term":[{"taxonomy":"category","embeddable":true,"href":"https:\/\/eva.sundstrom.st\/index.php?rest_route=%2Fwp%2Fv2%2Fcategories&post=192"},{"taxonomy":"post_tag","embeddable":true,"href":"https:\/\/eva.sundstrom.st\/index.php?rest_route=%2Fwp%2Fv2%2Ftags&post=192"}],"curies":[{"name":"wp","href":"https:\/\/api.w.org\/{rel}","templated":true}]}}