{"id":1980,"date":"2009-12-03T08:26:30","date_gmt":"2009-12-03T07:26:30","guid":{"rendered":"http:\/\/www.eva.sundstrom.st\/?p=1980"},"modified":"2009-12-03T08:26:30","modified_gmt":"2009-12-03T07:26:30","slug":"det-blev-en-solskenspromenad","status":"publish","type":"post","link":"https:\/\/eva.sundstrom.st\/?p=1980","title":{"rendered":"Det blev en solskenspromenad"},"content":{"rendered":"<p>Ja det blev faktiskt av. <\/p>\n<p>Efter att ha gr\u00e4ddat n\u00e5gra pl\u00e5tar med pepparkakor och &#8221;stockholmare&#8221;<br \/>\n lyfte jag upp mig sj\u00e4lv i kragen, skakade om lite och sa &#8221;NU G\u00c5R DU UT MEDAN SOLEN SKINER&#8221;.  Och s\u00e5 gick jag.<\/p>\n<p><img loading=\"lazy\" decoding=\"async\" src=\"http:\/\/www.eva.sundstrom.st\/wp-content\/upload\/dsc05474.jpg\" alt=\"dsc05474\" title=\"dsc05474\" width=\"368\" height=\"276\" class=\"aligncenter size-full wp-image-1984\" srcset=\"https:\/\/eva.sundstrom.st\/wp-content\/upload\/dsc05474.jpg 368w, https:\/\/eva.sundstrom.st\/wp-content\/upload\/dsc05474-300x225.jpg 300w\" sizes=\"auto, (max-width: 368px) 100vw, 368px\" \/><\/p>\n<p>Man m\u00e5ste ju passa p\u00e5. H\u00e4r har varit s\u00e5 gr\u00e5tt och regnigt och trist<\/p>\n<p><img loading=\"lazy\" decoding=\"async\" src=\"http:\/\/www.eva.sundstrom.st\/wp-content\/upload\/dsc05477.jpg\" alt=\"dsc05477\" title=\"dsc05477\" width=\"368\" height=\"276\" class=\"aligncenter size-full wp-image-1985\" srcset=\"https:\/\/eva.sundstrom.st\/wp-content\/upload\/dsc05477.jpg 368w, https:\/\/eva.sundstrom.st\/wp-content\/upload\/dsc05477-300x225.jpg 300w\" sizes=\"auto, (max-width: 368px) 100vw, 368px\" \/><\/p>\n<p>Vi beh\u00f6ver verkligen lite solljus nu.<\/p>\n<p><img loading=\"lazy\" decoding=\"async\" src=\"http:\/\/www.eva.sundstrom.st\/wp-content\/upload\/dsc05478.jpg\" alt=\"dsc05478\" title=\"dsc05478\" width=\"368\" height=\"276\" class=\"aligncenter size-full wp-image-1986\" srcset=\"https:\/\/eva.sundstrom.st\/wp-content\/upload\/dsc05478.jpg 368w, https:\/\/eva.sundstrom.st\/wp-content\/upload\/dsc05478-300x225.jpg 300w\" sizes=\"auto, (max-width: 368px) 100vw, 368px\" \/><\/p>\n<p>Rimfrosten  g\u00f6r att k\u00e4nslan av adventstid infann sig p\u00e5 ett helt annat s\u00e4tt.<\/p>\n<p><img loading=\"lazy\" decoding=\"async\" src=\"http:\/\/www.eva.sundstrom.st\/wp-content\/upload\/dsc05484.jpg\" alt=\"dsc05484\" title=\"dsc05484\" width=\"368\" height=\"276\" class=\"aligncenter size-full wp-image-1983\" srcset=\"https:\/\/eva.sundstrom.st\/wp-content\/upload\/dsc05484.jpg 368w, https:\/\/eva.sundstrom.st\/wp-content\/upload\/dsc05484-300x225.jpg 300w\" sizes=\"auto, (max-width: 368px) 100vw, 368px\" \/><\/p>\n<p>*<br \/>\n<img loading=\"lazy\" decoding=\"async\" src=\"http:\/\/www.eva.sundstrom.st\/wp-content\/upload\/dsc05490.jpg\" alt=\"dsc05490\" title=\"dsc05490\" width=\"368\" height=\"276\" class=\"aligncenter size-full wp-image-1982\" srcset=\"https:\/\/eva.sundstrom.st\/wp-content\/upload\/dsc05490.jpg 368w, https:\/\/eva.sundstrom.st\/wp-content\/upload\/dsc05490-300x225.jpg 300w\" sizes=\"auto, (max-width: 368px) 100vw, 368px\" \/><\/p>\n<p>*<br \/>\nUtsikt \u00f6ver Skagern<br \/>\n<img loading=\"lazy\" decoding=\"async\" src=\"http:\/\/www.eva.sundstrom.st\/wp-content\/upload\/dsc05492.jpg\" alt=\"dsc05492\" title=\"dsc05492\" width=\"368\" height=\"276\" class=\"aligncenter size-full wp-image-1981\" srcset=\"https:\/\/eva.sundstrom.st\/wp-content\/upload\/dsc05492.jpg 368w, https:\/\/eva.sundstrom.st\/wp-content\/upload\/dsc05492-300x225.jpg 300w\" sizes=\"auto, (max-width: 368px) 100vw, 368px\" \/><\/p>\n<p>V\u00e4l inne  igen smakade det utm\u00e4rkt med en kopp kaffe. Hade f\u00f6r d\u00e5ligt p\u00e5 h\u00e4nderna s\u00e5 jag fr\u00f6s ordentligt om fingrarna. Att man aldrig l\u00e4r sig.<br \/>\nSedan, i \u00e4rlighetens namn, sov jag en stund p\u00e5 soffan till vacker musik. <\/p>\n<p>Ha en bra dag och m\u00e5 gott.<\/p>\n","protected":false},"excerpt":{"rendered":"<p>Ja det blev faktiskt av. Efter att ha gr\u00e4ddat n\u00e5gra pl\u00e5tar med pepparkakor och &#8221;stockholmare&#8221; lyfte jag upp mig sj\u00e4lv i kragen, skakade om lite och sa &#8221;NU G\u00c5R DU UT MEDAN SOLEN SKINER&#8221;. Och s\u00e5 gick jag. Man m\u00e5ste ju passa p\u00e5. H\u00e4r har varit s\u00e5 gr\u00e5tt och regnigt och trist Vi beh\u00f6ver verkligen [&hellip;]<\/p>\n","protected":false},"author":1,"featured_media":0,"comment_status":"open","ping_status":"open","sticky":false,"template":"","format":"standard","meta":{"footnotes":""},"categories":[4,9],"tags":[],"class_list":["post-1980","post","type-post","status-publish","format-standard","hentry","category-allmant","category-livet"],"_links":{"self":[{"href":"https:\/\/eva.sundstrom.st\/index.php?rest_route=\/wp\/v2\/posts\/1980","targetHints":{"allow":["GET"]}}],"collection":[{"href":"https:\/\/eva.sundstrom.st\/index.php?rest_route=\/wp\/v2\/posts"}],"about":[{"href":"https:\/\/eva.sundstrom.st\/index.php?rest_route=\/wp\/v2\/types\/post"}],"author":[{"embeddable":true,"href":"https:\/\/eva.sundstrom.st\/index.php?rest_route=\/wp\/v2\/users\/1"}],"replies":[{"embeddable":true,"href":"https:\/\/eva.sundstrom.st\/index.php?rest_route=%2Fwp%2Fv2%2Fcomments&post=1980"}],"version-history":[{"count":5,"href":"https:\/\/eva.sundstrom.st\/index.php?rest_route=\/wp\/v2\/posts\/1980\/revisions"}],"predecessor-version":[{"id":1991,"href":"https:\/\/eva.sundstrom.st\/index.php?rest_route=\/wp\/v2\/posts\/1980\/revisions\/1991"}],"wp:attachment":[{"href":"https:\/\/eva.sundstrom.st\/index.php?rest_route=%2Fwp%2Fv2%2Fmedia&parent=1980"}],"wp:term":[{"taxonomy":"category","embeddable":true,"href":"https:\/\/eva.sundstrom.st\/index.php?rest_route=%2Fwp%2Fv2%2Fcategories&post=1980"},{"taxonomy":"post_tag","embeddable":true,"href":"https:\/\/eva.sundstrom.st\/index.php?rest_route=%2Fwp%2Fv2%2Ftags&post=1980"}],"curies":[{"name":"wp","href":"https:\/\/api.w.org\/{rel}","templated":true}]}}