{"id":1992,"date":"2009-12-11T08:33:58","date_gmt":"2009-12-11T07:33:58","guid":{"rendered":"http:\/\/www.eva.sundstrom.st\/?p=1992"},"modified":"2009-12-11T08:33:58","modified_gmt":"2009-12-11T07:33:58","slug":"info","status":"publish","type":"post","link":"https:\/\/eva.sundstrom.st\/?p=1992","title":{"rendered":"Info."},"content":{"rendered":"<p>Just nu ligger inte mitt eget bloggande p\u00e5 topp.<\/p>\n<p>F\u00f6rs\u00f6ker l\u00e4gga energin p\u00e5 att v\u00e4va o v\u00e4va. Vill ju plocka ner v\u00e4vstolen f\u00f6re jul.<br \/>\nDet \u00e4r ett mysterium hur mycket varp som kan g\u00f6mma sig p\u00e5 bommen. <\/p>\n<p>T\u00e4nkte att det nog kunde r\u00e4cka till tv\u00e5 korta mattor jag ville ha i tv\u00e4ttstugan. Nu \u00e4r jag  inne p\u00e5 en tredje matta.<\/p>\n<p>Hade jag startat lite tidigare kunde jag ju tagit med dom ocks\u00e5 till bygdedagen i morgon men nu \u00e4r dom inte klara och f\u00e5r nog stanna i min tv\u00e4ttstuga.<\/p>\n<p>Det var BYGGDEDAGEN  jag t\u00e4nkte l\u00e4mna info om.<\/p>\n<p>L\u00f6rdag 12\/12 p\u00e5 Finner\u00f6djas hembygdsg\u00e5rd  kl. 14.00-17.00<br \/>\nDagen avslutas med fackelt\u00e5g till kyrkan d\u00e4r det \u00e4r konsert med Stanleys mandoliner<br \/>\nkl. 17.30.<\/p>\n<p>\u00c4ven i \u00e5r ska jag sitta d\u00e4r i &#8221;Herrefalls stugan&#8221; och sticka p\u00e5 n\u00e5gon strumpa eller sjal och \u00e4ven ha f\u00f6rs\u00e4ljnig.<br \/>\nTror det \u00e4r tredje \u00e5ret  jag sitter i den stugan.<br \/>\nAlla \u00e5ren har jag delat den med <a href=\"http:\/\/www.elsiesporslin.com\/\">Elsie<\/a> som m\u00e5lar s\u00e5 fint p\u00e5 porslin.<\/p>\n<p>\u00d6nskar er alla en fin tredje advents helg.<br \/>\nTa det lugnt och m\u00e5 gott<\/p>\n","protected":false},"excerpt":{"rendered":"<p>Just nu ligger inte mitt eget bloggande p\u00e5 topp. F\u00f6rs\u00f6ker l\u00e4gga energin p\u00e5 att v\u00e4va o v\u00e4va. Vill ju plocka ner v\u00e4vstolen f\u00f6re jul. Det \u00e4r ett mysterium hur mycket varp som kan g\u00f6mma sig p\u00e5 bommen. T\u00e4nkte att det nog kunde r\u00e4cka till tv\u00e5 korta mattor jag ville ha i tv\u00e4ttstugan. Nu \u00e4r jag [&hellip;]<\/p>\n","protected":false},"author":1,"featured_media":0,"comment_status":"open","ping_status":"open","sticky":false,"template":"","format":"standard","meta":{"footnotes":""},"categories":[4],"tags":[],"class_list":["post-1992","post","type-post","status-publish","format-standard","hentry","category-allmant"],"_links":{"self":[{"href":"https:\/\/eva.sundstrom.st\/index.php?rest_route=\/wp\/v2\/posts\/1992","targetHints":{"allow":["GET"]}}],"collection":[{"href":"https:\/\/eva.sundstrom.st\/index.php?rest_route=\/wp\/v2\/posts"}],"about":[{"href":"https:\/\/eva.sundstrom.st\/index.php?rest_route=\/wp\/v2\/types\/post"}],"author":[{"embeddable":true,"href":"https:\/\/eva.sundstrom.st\/index.php?rest_route=\/wp\/v2\/users\/1"}],"replies":[{"embeddable":true,"href":"https:\/\/eva.sundstrom.st\/index.php?rest_route=%2Fwp%2Fv2%2Fcomments&post=1992"}],"version-history":[{"count":8,"href":"https:\/\/eva.sundstrom.st\/index.php?rest_route=\/wp\/v2\/posts\/1992\/revisions"}],"predecessor-version":[{"id":2000,"href":"https:\/\/eva.sundstrom.st\/index.php?rest_route=\/wp\/v2\/posts\/1992\/revisions\/2000"}],"wp:attachment":[{"href":"https:\/\/eva.sundstrom.st\/index.php?rest_route=%2Fwp%2Fv2%2Fmedia&parent=1992"}],"wp:term":[{"taxonomy":"category","embeddable":true,"href":"https:\/\/eva.sundstrom.st\/index.php?rest_route=%2Fwp%2Fv2%2Fcategories&post=1992"},{"taxonomy":"post_tag","embeddable":true,"href":"https:\/\/eva.sundstrom.st\/index.php?rest_route=%2Fwp%2Fv2%2Ftags&post=1992"}],"curies":[{"name":"wp","href":"https:\/\/api.w.org\/{rel}","templated":true}]}}