{"id":2001,"date":"2009-12-16T20:14:30","date_gmt":"2009-12-16T19:14:30","guid":{"rendered":"http:\/\/www.eva.sundstrom.st\/?p=2001"},"modified":"2009-12-16T20:14:30","modified_gmt":"2009-12-16T19:14:30","slug":"bygdedagen1-hembygdsgarden","status":"publish","type":"post","link":"https:\/\/eva.sundstrom.st\/?p=2001","title":{"rendered":"Bygdedagen1 Hembygdsg\u00e5rden"},"content":{"rendered":"<p>Hembygdsf\u00f6reningen har en hemsida som du kan kika p\u00e5  <a href=\"http:\/\/www.finnerodjahembygd.se\/\">h\u00e4r<\/a> om du vill.<\/p>\n<p>Pyttelite pudersn\u00f6 fanns det men det syntes knappt.<\/p>\n<p>Vy fr\u00e5n sj\u00e4lva ing\u00e5ngen till hembygdsg\u00e5rden<\/p>\n<p><img loading=\"lazy\" decoding=\"async\" src=\"http:\/\/www.eva.sundstrom.st\/wp-content\/upload\/dsc05526.jpg\" alt=\"dsc05526\" title=\"dsc05526\" width=\"460\" height=\"345\" class=\"aligncenter size-full wp-image-2007\" srcset=\"https:\/\/eva.sundstrom.st\/wp-content\/upload\/dsc05526.jpg 460w, https:\/\/eva.sundstrom.st\/wp-content\/upload\/dsc05526-300x225.jpg 300w\" sizes=\"auto, (max-width: 460px) 100vw, 460px\" \/><\/p>\n<p>&#8221;Ernstes stuga&#8221;:<br \/>\nH\u00e4r serveras kaffe och det finns en del f\u00f6rs\u00e4ljning<\/p>\n<p><img loading=\"lazy\" decoding=\"async\" src=\"http:\/\/www.eva.sundstrom.st\/wp-content\/upload\/dsc05527.jpg\" alt=\"dsc05527\" title=\"dsc05527\" width=\"460\" height=\"345\" class=\"aligncenter size-full wp-image-2006\" srcset=\"https:\/\/eva.sundstrom.st\/wp-content\/upload\/dsc05527.jpg 460w, https:\/\/eva.sundstrom.st\/wp-content\/upload\/dsc05527-300x225.jpg 300w\" sizes=\"auto, (max-width: 460px) 100vw, 460px\" \/><\/p>\n<p>Herrefallsstugan<\/p>\n<p><img loading=\"lazy\" decoding=\"async\" src=\"http:\/\/www.eva.sundstrom.st\/wp-content\/upload\/dsc05530.jpg\" alt=\"dsc05530\" title=\"dsc05530\" width=\"460\" height=\"345\" class=\"aligncenter size-full wp-image-2005\" srcset=\"https:\/\/eva.sundstrom.st\/wp-content\/upload\/dsc05530.jpg 460w, https:\/\/eva.sundstrom.st\/wp-content\/upload\/dsc05530-300x225.jpg 300w\" sizes=\"auto, (max-width: 460px) 100vw, 460px\" \/><\/p>\n<p>Det \u00e4r h\u00e4r i denna stugan jag, Elsie och Anna sitter .<\/p>\n<p><img loading=\"lazy\" decoding=\"async\" src=\"http:\/\/www.eva.sundstrom.st\/wp-content\/upload\/dsc05532.jpg\" alt=\"dsc05532\" title=\"dsc05532\" width=\"407\" height=\"290\" class=\"aligncenter size-full wp-image-2004\" srcset=\"https:\/\/eva.sundstrom.st\/wp-content\/upload\/dsc05532.jpg 407w, https:\/\/eva.sundstrom.st\/wp-content\/upload\/dsc05532-300x213.jpg 300w\" sizes=\"auto, (max-width: 407px) 100vw, 407px\" \/><\/p>\n<p>I &#8221;mitt&#8221; rum finns en kakelugn<\/p>\n<p><img loading=\"lazy\" decoding=\"async\" src=\"http:\/\/www.eva.sundstrom.st\/wp-content\/upload\/dsc05509.jpg\" alt=\"dsc05509\" title=\"dsc05509\" width=\"345\" height=\"460\" class=\"aligncenter size-full wp-image-2010\" srcset=\"https:\/\/eva.sundstrom.st\/wp-content\/upload\/dsc05509.jpg 345w, https:\/\/eva.sundstrom.st\/wp-content\/upload\/dsc05509-225x300.jpg 225w\" sizes=\"auto, (max-width: 345px) 100vw, 345px\" \/><\/p>\n<p>Den ser helt sned ut h\u00e4r men det beror mest p\u00e5 fotografen.<br \/>\nV\u00e4rmer gott g\u00f6r den \u00e4nd\u00e5 och det sprakar s\u00e5 hemtrevligt.<\/p>\n<p>I k\u00f6ket d\u00e4r Elsie o Anna sitter finns en vedspis som vi ocks\u00e5 eldar i.<\/p>\n<p><img loading=\"lazy\" decoding=\"async\" src=\"http:\/\/www.eva.sundstrom.st\/wp-content\/upload\/dsc05537.jpg\" alt=\"dsc05537\" title=\"dsc05537\" width=\"345\" height=\"460\" class=\"aligncenter size-full wp-image-2009\" srcset=\"https:\/\/eva.sundstrom.st\/wp-content\/upload\/dsc05537.jpg 345w, https:\/\/eva.sundstrom.st\/wp-content\/upload\/dsc05537-225x300.jpg 225w\" sizes=\"auto, (max-width: 345px) 100vw, 345px\" \/><\/p>\n<p>Den blev om m\u00f6jligt \u00e4nnu snedare men h\u00e4r var  det tr\u00e5ngt och sv\u00e5rt att f\u00e5 bra kort.<\/p>\n<p>Det var allt f\u00f6r i dag<br \/>\nM\u00e5 gott<\/p>\n","protected":false},"excerpt":{"rendered":"<p>Hembygdsf\u00f6reningen har en hemsida som du kan kika p\u00e5 h\u00e4r om du vill. Pyttelite pudersn\u00f6 fanns det men det syntes knappt. Vy fr\u00e5n sj\u00e4lva ing\u00e5ngen till hembygdsg\u00e5rden &#8221;Ernstes stuga&#8221;: H\u00e4r serveras kaffe och det finns en del f\u00f6rs\u00e4ljning Herrefallsstugan Det \u00e4r h\u00e4r i denna stugan jag, Elsie och Anna sitter . I &#8221;mitt&#8221; rum finns [&hellip;]<\/p>\n","protected":false},"author":1,"featured_media":0,"comment_status":"open","ping_status":"open","sticky":false,"template":"","format":"standard","meta":{"footnotes":""},"categories":[1],"tags":[],"class_list":["post-2001","post","type-post","status-publish","format-standard","hentry","category-uncategorized"],"_links":{"self":[{"href":"https:\/\/eva.sundstrom.st\/index.php?rest_route=\/wp\/v2\/posts\/2001","targetHints":{"allow":["GET"]}}],"collection":[{"href":"https:\/\/eva.sundstrom.st\/index.php?rest_route=\/wp\/v2\/posts"}],"about":[{"href":"https:\/\/eva.sundstrom.st\/index.php?rest_route=\/wp\/v2\/types\/post"}],"author":[{"embeddable":true,"href":"https:\/\/eva.sundstrom.st\/index.php?rest_route=\/wp\/v2\/users\/1"}],"replies":[{"embeddable":true,"href":"https:\/\/eva.sundstrom.st\/index.php?rest_route=%2Fwp%2Fv2%2Fcomments&post=2001"}],"version-history":[{"count":6,"href":"https:\/\/eva.sundstrom.st\/index.php?rest_route=\/wp\/v2\/posts\/2001\/revisions"}],"predecessor-version":[{"id":2013,"href":"https:\/\/eva.sundstrom.st\/index.php?rest_route=\/wp\/v2\/posts\/2001\/revisions\/2013"}],"wp:attachment":[{"href":"https:\/\/eva.sundstrom.st\/index.php?rest_route=%2Fwp%2Fv2%2Fmedia&parent=2001"}],"wp:term":[{"taxonomy":"category","embeddable":true,"href":"https:\/\/eva.sundstrom.st\/index.php?rest_route=%2Fwp%2Fv2%2Fcategories&post=2001"},{"taxonomy":"post_tag","embeddable":true,"href":"https:\/\/eva.sundstrom.st\/index.php?rest_route=%2Fwp%2Fv2%2Ftags&post=2001"}],"curies":[{"name":"wp","href":"https:\/\/api.w.org\/{rel}","templated":true}]}}