{"id":201,"date":"2007-08-03T11:26:18","date_gmt":"2007-08-03T10:26:18","guid":{"rendered":"http:\/\/www.eva.sundstrom.st\/?p=201"},"modified":"2007-08-03T11:26:18","modified_gmt":"2007-08-03T10:26:18","slug":"garn-och-tulpaner","status":"publish","type":"post","link":"https:\/\/eva.sundstrom.st\/?p=201","title":{"rendered":"Garn och tulpaner"},"content":{"rendered":"<p>Nu har sonen med sambo kommit hem igen.<br \/>\nDom kom med Kinnekullet\u00e5get till Hova.<br \/>\nN\u00e4r jag skulle h\u00e4mta dom d\u00e4r sm\u00f6g jag in p\u00e5 Ica aff\u00e4ren en sv\u00e4ng. Ingen kan v\u00e4ll gissa vad som sm\u00f6g sig ner i mina p\u00e5sar,f\u00f6rutom mat f\u00f6rst\u00e5ss? <\/p>\n<p>Just det . Kunde bara inte motst\u00e5.<\/p>\n<p><a href='http:\/\/www.eva.sundstrom.st\/wp-content\/upload\/dsc00721.jpg' title='dsc00721.jpg'><img src='http:\/\/www.eva.sundstrom.st\/wp-content\/upload\/dsc00721.jpg' alt='dsc00721.jpg' \/><\/a><\/p>\n<p>I sin packning hade dom med en p\u00e5se tulpanl\u00f6kar till mor.<\/p>\n<p><a href='http:\/\/www.eva.sundstrom.st\/wp-content\/upload\/dsc00719.jpg' title='dsc00719.jpg'><img src='http:\/\/www.eva.sundstrom.st\/wp-content\/upload\/dsc00719.jpg' alt='dsc00719.jpg' \/><\/a><\/p>\n<p>Till v\u00e5ren ska det blomma tulpaner fr\u00e5n Amsterdam i v\u00e5r tr\u00e4dg\u00e5rd.!<\/p>\n<p>I g\u00e5r skjutsade jag dom hem till deras eget bo.<br \/>\n Satt en stund p\u00e5 deras balkong och stickade medan M lagade till en god sallad.<\/p>\n<p>M och J kom dit ocks\u00e5 och \u00e5t tillsammans med oss.<br \/>\nTill kaffet fick vi glass med ljumad mj\u00f6lk och b\u00e4r. Det var j\u00e4ttegott alltihop.<\/p>\n<p>Tycker det var bra gjort att fixa detta d\u00e5 dom just kommit hem efter att ha varit borta flera veckor.<\/p>\n<p>TACK f\u00f6r en riktig m\u00e5 bra stund.<\/p>\n<p>Passade p\u00e5 att ta ett kort p\u00e5 sjalen jag stickat till M.<\/p>\n<p><a href='http:\/\/www.eva.sundstrom.st\/wp-content\/upload\/dsc00716.jpg' title='dsc00716.jpg'><img src='http:\/\/www.eva.sundstrom.st\/wp-content\/upload\/dsc00716.jpg' alt='dsc00716.jpg' \/><\/a><\/p>\n<p>Hon fick den till jul f\u00f6r n\u00e5got \u00e5r sedan.<br \/>\nMin andra sonsambo tyckte ocks\u00e5 om den s\u00e5 hon fick en i sommras och om jag inte f\u00f6rst\u00e5tt aldeles fel s\u00e5 skulle inte dottern heller tacka  nej till en.<\/p>\n<p>Den \u00e4r stor och j\u00e4tterolig att sticka. <\/p>\n<p>Utan hund blev det ingen morgonpromenad. <\/p>\n<p>Gick en ensam runda itr\u00e4dg\u00e5rden och konstaterar att det g\u00e5r l\u00e5ngsamt fram men det g\u00e5r \u00e4nd\u00e5 fram\u00e5t f\u00f6r min fr\u00f6s\u00e5dda liljas knopp.<br \/>\nJag v\u00e4ntar med sp\u00e4nning p\u00e5 att den ska sl\u00e5 ut.<\/p>\n<p><a href='http:\/\/www.eva.sundstrom.st\/wp-content\/upload\/dsc00726.jpg' title='dsc00726.jpg'><img src='http:\/\/www.eva.sundstrom.st\/wp-content\/upload\/dsc00726.jpg' alt='dsc00726.jpg' \/><\/a><\/p>\n<p>M\u00e5rbackapelaragonen, som nog st\u00e5r lite f\u00f6r m\u00f6rkt men pryder sin plats, har en blomma.<\/p>\n<p><a href='http:\/\/www.eva.sundstrom.st\/wp-content\/upload\/dsc00722.jpg' title='dsc00722.jpg'><img src='http:\/\/www.eva.sundstrom.st\/wp-content\/upload\/dsc00722.jpg' alt='dsc00722.jpg' \/><\/a><\/p>\n<p>Och Syrenhortensian blommar.<\/p>\n<p><a href='http:\/\/www.eva.sundstrom.st\/wp-content\/upload\/dsc00725.jpg' title='dsc00725.jpg'><img src='http:\/\/www.eva.sundstrom.st\/wp-content\/upload\/dsc00725.jpg' alt='dsc00725.jpg' \/><\/a><\/p>\n<p>Det k\u00e4nns riktigt tomt h\u00e4r utan lilla hunden.<\/p>\n<p>Har t\u00e4ngt b\u00f6rja r\u00f6ja lite bland mina sparade plastkrukor.<br \/>\nSparade f\u00f6r dom kan vara bra o ha.!!<br \/>\nHoppas p\u00e5 att kunna sl\u00e4nga en del. <\/p>\n<p>P\u00e5 handarbetsfronten \u00e4r den bl\u00e5 sjalen snart klar.<br \/>\nEn ny \u00e4r p\u00e5b\u00f6rjad.  <\/p>\n<p>M\u00e5 gott.<\/p>\n","protected":false},"excerpt":{"rendered":"<p>Nu har sonen med sambo kommit hem igen. Dom kom med Kinnekullet\u00e5get till Hova. N\u00e4r jag skulle h\u00e4mta dom d\u00e4r sm\u00f6g jag in p\u00e5 Ica aff\u00e4ren en sv\u00e4ng. Ingen kan v\u00e4ll gissa vad som sm\u00f6g sig ner i mina p\u00e5sar,f\u00f6rutom mat f\u00f6rst\u00e5ss? Just det . Kunde bara inte motst\u00e5. I sin packning hade dom med [&hellip;]<\/p>\n","protected":false},"author":1,"featured_media":0,"comment_status":"open","ping_status":"open","sticky":false,"template":"","format":"standard","meta":{"footnotes":""},"categories":[1],"tags":[],"class_list":["post-201","post","type-post","status-publish","format-standard","hentry","category-uncategorized"],"_links":{"self":[{"href":"https:\/\/eva.sundstrom.st\/index.php?rest_route=\/wp\/v2\/posts\/201","targetHints":{"allow":["GET"]}}],"collection":[{"href":"https:\/\/eva.sundstrom.st\/index.php?rest_route=\/wp\/v2\/posts"}],"about":[{"href":"https:\/\/eva.sundstrom.st\/index.php?rest_route=\/wp\/v2\/types\/post"}],"author":[{"embeddable":true,"href":"https:\/\/eva.sundstrom.st\/index.php?rest_route=\/wp\/v2\/users\/1"}],"replies":[{"embeddable":true,"href":"https:\/\/eva.sundstrom.st\/index.php?rest_route=%2Fwp%2Fv2%2Fcomments&post=201"}],"version-history":[{"count":0,"href":"https:\/\/eva.sundstrom.st\/index.php?rest_route=\/wp\/v2\/posts\/201\/revisions"}],"wp:attachment":[{"href":"https:\/\/eva.sundstrom.st\/index.php?rest_route=%2Fwp%2Fv2%2Fmedia&parent=201"}],"wp:term":[{"taxonomy":"category","embeddable":true,"href":"https:\/\/eva.sundstrom.st\/index.php?rest_route=%2Fwp%2Fv2%2Fcategories&post=201"},{"taxonomy":"post_tag","embeddable":true,"href":"https:\/\/eva.sundstrom.st\/index.php?rest_route=%2Fwp%2Fv2%2Ftags&post=201"}],"curies":[{"name":"wp","href":"https:\/\/api.w.org\/{rel}","templated":true}]}}