{"id":2014,"date":"2009-12-17T18:17:40","date_gmt":"2009-12-17T17:17:40","guid":{"rendered":"http:\/\/www.eva.sundstrom.st\/?p=2014"},"modified":"2009-12-18T22:39:01","modified_gmt":"2009-12-18T21:39:01","slug":"bygdedag-2","status":"publish","type":"post","link":"https:\/\/eva.sundstrom.st\/?p=2014","title":{"rendered":"Bygdedag 2: Fr\u00e5n  Elsies och Annas k\u00f6k"},"content":{"rendered":"<p><img loading=\"lazy\" decoding=\"async\" src=\"http:\/\/www.eva.sundstrom.st\/wp-content\/upload\/dsc05511.jpg\" alt=\"dsc05511\" title=\"dsc05511\" width=\"460\" height=\"345\" class=\"aligncenter size-full wp-image-2015\" srcset=\"https:\/\/eva.sundstrom.st\/wp-content\/upload\/dsc05511.jpg 460w, https:\/\/eva.sundstrom.st\/wp-content\/upload\/dsc05511-300x225.jpg 300w\" sizes=\"auto, (max-width: 460px) 100vw, 460px\" \/><br \/>\n<a href=\"http:\/\/www.elsiesporslin.com\/\">Elsie<\/a>  m\u00e5lar p\u00e5 porslin.  Ett frostat glas med motiv av \u00e4ngel kunde jag bara inte motst\u00e5.<\/p>\n<p><img loading=\"lazy\" decoding=\"async\" src=\"http:\/\/www.eva.sundstrom.st\/wp-content\/upload\/dsc05515.jpg\" alt=\"dsc05515\" title=\"dsc05515\" width=\"345\" height=\"460\" class=\"aligncenter size-full wp-image-2019\" srcset=\"https:\/\/eva.sundstrom.st\/wp-content\/upload\/dsc05515.jpg 345w, https:\/\/eva.sundstrom.st\/wp-content\/upload\/dsc05515-225x300.jpg 225w\" sizes=\"auto, (max-width: 345px) 100vw, 345px\" \/><\/p>\n<p>En ljusdroppe med Finner\u00f6dja kyrka<\/p>\n<p><img loading=\"lazy\" decoding=\"async\" src=\"http:\/\/www.eva.sundstrom.st\/wp-content\/upload\/dsc05517.jpg\" alt=\"dsc05517\" title=\"dsc05517\" width=\"460\" height=\"345\" class=\"aligncenter size-full wp-image-2020\" srcset=\"https:\/\/eva.sundstrom.st\/wp-content\/upload\/dsc05517.jpg 460w, https:\/\/eva.sundstrom.st\/wp-content\/upload\/dsc05517-300x225.jpg 300w\" sizes=\"auto, (max-width: 460px) 100vw, 460px\" \/><\/p>\n<p>Hela tomte familjen <\/p>\n<p><img loading=\"lazy\" decoding=\"async\" src=\"http:\/\/www.eva.sundstrom.st\/wp-content\/upload\/dsc05535.jpg\" alt=\"dsc05535\" title=\"dsc05535\" width=\"460\" height=\"345\" class=\"aligncenter size-full wp-image-2021\" srcset=\"https:\/\/eva.sundstrom.st\/wp-content\/upload\/dsc05535.jpg 460w, https:\/\/eva.sundstrom.st\/wp-content\/upload\/dsc05535-300x225.jpg 300w\" sizes=\"auto, (max-width: 460px) 100vw, 460px\" \/><\/p>\n<p>Och h\u00e4r rider tomtefar i egen h\u00f6g person.  Vem kan han vara p\u00e5 v\u00e4g till m\u00e5ntro?<\/p>\n<p><img loading=\"lazy\" decoding=\"async\" src=\"http:\/\/www.eva.sundstrom.st\/wp-content\/upload\/dsc05512.jpg\" alt=\"dsc05512\" title=\"dsc05512\" width=\"460\" height=\"345\" class=\"aligncenter size-full wp-image-2018\" srcset=\"https:\/\/eva.sundstrom.st\/wp-content\/upload\/dsc05512.jpg 460w, https:\/\/eva.sundstrom.st\/wp-content\/upload\/dsc05512-300x225.jpg 300w\" sizes=\"auto, (max-width: 460px) 100vw, 460px\" \/><\/p>\n<p>Anna hade bland annat fixat till sm\u00e5 julgranskulor, eller \u00e4r det placeringskort. Finns s\u00e4kert fler anv\u00e4ndningsomr\u00e5den om fantasin f\u00e5r fl\u00f6da.<br \/>\nKorten som sitter i kan ju ocks\u00e5 anv\u00e4ndas p\u00e5 flera olika s\u00e4tt.<\/p>\n<p>Forts\u00e4ttning f\u00f6ljer nu \u00e4r det v\u00e4vstol som g\u00e4ller f\u00f6r resten av kv\u00e4llen.<br \/>\nHa det bra.<\/p>\n","protected":false},"excerpt":{"rendered":"<p>Elsie m\u00e5lar p\u00e5 porslin. Ett frostat glas med motiv av \u00e4ngel kunde jag bara inte motst\u00e5. En ljusdroppe med Finner\u00f6dja kyrka Hela tomte familjen Och h\u00e4r rider tomtefar i egen h\u00f6g person. Vem kan han vara p\u00e5 v\u00e4g till m\u00e5ntro? Anna hade bland annat fixat till sm\u00e5 julgranskulor, eller \u00e4r det placeringskort. Finns s\u00e4kert fler [&hellip;]<\/p>\n","protected":false},"author":1,"featured_media":0,"comment_status":"open","ping_status":"open","sticky":false,"template":"","format":"standard","meta":{"footnotes":""},"categories":[4],"tags":[],"class_list":["post-2014","post","type-post","status-publish","format-standard","hentry","category-allmant"],"_links":{"self":[{"href":"https:\/\/eva.sundstrom.st\/index.php?rest_route=\/wp\/v2\/posts\/2014","targetHints":{"allow":["GET"]}}],"collection":[{"href":"https:\/\/eva.sundstrom.st\/index.php?rest_route=\/wp\/v2\/posts"}],"about":[{"href":"https:\/\/eva.sundstrom.st\/index.php?rest_route=\/wp\/v2\/types\/post"}],"author":[{"embeddable":true,"href":"https:\/\/eva.sundstrom.st\/index.php?rest_route=\/wp\/v2\/users\/1"}],"replies":[{"embeddable":true,"href":"https:\/\/eva.sundstrom.st\/index.php?rest_route=%2Fwp%2Fv2%2Fcomments&post=2014"}],"version-history":[{"count":8,"href":"https:\/\/eva.sundstrom.st\/index.php?rest_route=\/wp\/v2\/posts\/2014\/revisions"}],"predecessor-version":[{"id":2046,"href":"https:\/\/eva.sundstrom.st\/index.php?rest_route=\/wp\/v2\/posts\/2014\/revisions\/2046"}],"wp:attachment":[{"href":"https:\/\/eva.sundstrom.st\/index.php?rest_route=%2Fwp%2Fv2%2Fmedia&parent=2014"}],"wp:term":[{"taxonomy":"category","embeddable":true,"href":"https:\/\/eva.sundstrom.st\/index.php?rest_route=%2Fwp%2Fv2%2Fcategories&post=2014"},{"taxonomy":"post_tag","embeddable":true,"href":"https:\/\/eva.sundstrom.st\/index.php?rest_route=%2Fwp%2Fv2%2Ftags&post=2014"}],"curies":[{"name":"wp","href":"https:\/\/api.w.org\/{rel}","templated":true}]}}