{"id":2044,"date":"2009-12-19T08:04:03","date_gmt":"2009-12-19T07:04:03","guid":{"rendered":"http:\/\/www.eva.sundstrom.st\/?p=2044"},"modified":"2009-12-19T08:04:03","modified_gmt":"2009-12-19T07:04:03","slug":"bygdedag-4-min-kammare","status":"publish","type":"post","link":"https:\/\/eva.sundstrom.st\/?p=2044","title":{"rendered":"Bygdedag 4: &#8221;min&#8221; kammare"},"content":{"rendered":"<p>H\u00e4r kommer de sista bilderna fr\u00e5n bygdedagen.<\/p>\n<p><img loading=\"lazy\" decoding=\"async\" src=\"http:\/\/www.eva.sundstrom.st\/wp-content\/upload\/dsc05505.jpg\" alt=\"dsc05505\" title=\"dsc05505\" width=\"460\" height=\"345\" class=\"aligncenter size-full wp-image-2048\" srcset=\"https:\/\/eva.sundstrom.st\/wp-content\/upload\/dsc05505.jpg 460w, https:\/\/eva.sundstrom.st\/wp-content\/upload\/dsc05505-300x225.jpg 300w\" sizes=\"auto, (max-width: 460px) 100vw, 460px\" \/><\/p>\n<p>I f\u00f6nstret h\u00e4nger sjalarna Viska och Gr\u00f6nmossa och i mitten ett par grytlappar.<\/p>\n<p>Till v\u00e4nster, \u00f6ver symaskinen, h\u00e4nger H\u00f6st och Dimma<\/p>\n<p><img loading=\"lazy\" decoding=\"async\" src=\"http:\/\/www.eva.sundstrom.st\/wp-content\/upload\/dsc05506.jpg\" alt=\"dsc05506\" title=\"dsc05506\" width=\"460\" height=\"345\" class=\"aligncenter size-full wp-image-2049\" srcset=\"https:\/\/eva.sundstrom.st\/wp-content\/upload\/dsc05506.jpg 460w, https:\/\/eva.sundstrom.st\/wp-content\/upload\/dsc05506-300x225.jpg 300w\" sizes=\"auto, (max-width: 460px) 100vw, 460px\" \/><\/p>\n<p>H\u00e4r h\u00e4nger sjalen H\u00f6stskog till v\u00e4nster och s\u00e5 tre halsdukar.<\/p>\n<p><img loading=\"lazy\" decoding=\"async\" src=\"http:\/\/www.eva.sundstrom.st\/wp-content\/upload\/dsc05507.jpg\" alt=\"dsc05507\" title=\"dsc05507\" width=\"460\" height=\"345\" class=\"aligncenter size-full wp-image-2050\" srcset=\"https:\/\/eva.sundstrom.st\/wp-content\/upload\/dsc05507.jpg 460w, https:\/\/eva.sundstrom.st\/wp-content\/upload\/dsc05507-300x225.jpg 300w\" sizes=\"auto, (max-width: 460px) 100vw, 460px\" \/><\/p>\n<p>H\u00e4r har vi ett strumpbord<\/p>\n<p><img loading=\"lazy\" decoding=\"async\" src=\"http:\/\/www.eva.sundstrom.st\/wp-content\/upload\/dsc05508.jpg\" alt=\"dsc05508\" title=\"dsc05508\" width=\"460\" height=\"345\" class=\"aligncenter size-full wp-image-2051\" srcset=\"https:\/\/eva.sundstrom.st\/wp-content\/upload\/dsc05508.jpg 460w, https:\/\/eva.sundstrom.st\/wp-content\/upload\/dsc05508-300x225.jpg 300w\" sizes=\"auto, (max-width: 460px) 100vw, 460px\" \/><\/p>\n<p>Och n\u00e5gra strumpor till i st\u00f6rre storlek.<\/p>\n<p>Sist vill jag visa fuskpolon min v\u00e4n hade stickat till sig.<br \/>\nGarnet \u00e4r ink\u00f6pt p\u00e5<a href=\"http:\/\/www.garntorpet.se\/\">Garntorpet<\/a><br \/>\nOch blommdekorationen k\u00f6ptes n\u00e4r vi en g\u00e5ng bes\u00f6kte <a href=\"http:\/\/yvonne-handarbete.blogspot.com\/\">Veras vr\u00e5<\/a><\/p>\n<p><img loading=\"lazy\" decoding=\"async\" src=\"http:\/\/www.eva.sundstrom.st\/wp-content\/upload\/dsc05538.jpg\" alt=\"dsc05538\" title=\"dsc05538\" width=\"460\" height=\"345\" class=\"aligncenter size-full wp-image-2056\" srcset=\"https:\/\/eva.sundstrom.st\/wp-content\/upload\/dsc05538.jpg 460w, https:\/\/eva.sundstrom.st\/wp-content\/upload\/dsc05538-300x225.jpg 300w\" sizes=\"auto, (max-width: 460px) 100vw, 460px\" \/><\/p>\n<p>\u00d6nskar er en bra helg.<\/p>\n","protected":false},"excerpt":{"rendered":"<p>H\u00e4r kommer de sista bilderna fr\u00e5n bygdedagen. I f\u00f6nstret h\u00e4nger sjalarna Viska och Gr\u00f6nmossa och i mitten ett par grytlappar. Till v\u00e4nster, \u00f6ver symaskinen, h\u00e4nger H\u00f6st och Dimma H\u00e4r h\u00e4nger sjalen H\u00f6stskog till v\u00e4nster och s\u00e5 tre halsdukar. H\u00e4r har vi ett strumpbord Och n\u00e5gra strumpor till i st\u00f6rre storlek. Sist vill jag visa fuskpolon [&hellip;]<\/p>\n","protected":false},"author":1,"featured_media":0,"comment_status":"open","ping_status":"open","sticky":false,"template":"","format":"standard","meta":{"footnotes":""},"categories":[4,5],"tags":[],"class_list":["post-2044","post","type-post","status-publish","format-standard","hentry","category-allmant","category-fran-garnlagret"],"_links":{"self":[{"href":"https:\/\/eva.sundstrom.st\/index.php?rest_route=\/wp\/v2\/posts\/2044","targetHints":{"allow":["GET"]}}],"collection":[{"href":"https:\/\/eva.sundstrom.st\/index.php?rest_route=\/wp\/v2\/posts"}],"about":[{"href":"https:\/\/eva.sundstrom.st\/index.php?rest_route=\/wp\/v2\/types\/post"}],"author":[{"embeddable":true,"href":"https:\/\/eva.sundstrom.st\/index.php?rest_route=\/wp\/v2\/users\/1"}],"replies":[{"embeddable":true,"href":"https:\/\/eva.sundstrom.st\/index.php?rest_route=%2Fwp%2Fv2%2Fcomments&post=2044"}],"version-history":[{"count":12,"href":"https:\/\/eva.sundstrom.st\/index.php?rest_route=\/wp\/v2\/posts\/2044\/revisions"}],"predecessor-version":[{"id":2063,"href":"https:\/\/eva.sundstrom.st\/index.php?rest_route=\/wp\/v2\/posts\/2044\/revisions\/2063"}],"wp:attachment":[{"href":"https:\/\/eva.sundstrom.st\/index.php?rest_route=%2Fwp%2Fv2%2Fmedia&parent=2044"}],"wp:term":[{"taxonomy":"category","embeddable":true,"href":"https:\/\/eva.sundstrom.st\/index.php?rest_route=%2Fwp%2Fv2%2Fcategories&post=2044"},{"taxonomy":"post_tag","embeddable":true,"href":"https:\/\/eva.sundstrom.st\/index.php?rest_route=%2Fwp%2Fv2%2Ftags&post=2044"}],"curies":[{"name":"wp","href":"https:\/\/api.w.org\/{rel}","templated":true}]}}