{"id":2092,"date":"2010-01-16T08:29:47","date_gmt":"2010-01-16T07:29:47","guid":{"rendered":"http:\/\/www.eva.sundstrom.st\/?p=2092"},"modified":"2010-01-16T08:37:32","modified_gmt":"2010-01-16T07:37:32","slug":"planer-for-dagen","status":"publish","type":"post","link":"https:\/\/eva.sundstrom.st\/?p=2092","title":{"rendered":"Planer f\u00f6r dagen"},"content":{"rendered":"<p>Bloggen f\u00f6r en tynande tillvaro.<br \/>\nMen \u00e4nnu s\u00e5 l\u00e4nge lever den.<br \/>\nF\u00e5r hoppas livslusten \u00e5terv\u00e4nder med v\u00e5rljuset. Det m\u00e4rks redan att det \u00e4r ljusare p\u00e5 kv\u00e4llarna.<br \/>\nSk\u00f6nt tycker jag och hoppas att tr\u00e4dg\u00e5rdsarbetet ska k\u00e4nnas mer inspirerande i \u00e5r.<\/p>\n<p>Planerna f\u00f6r dagen \u00e4r.<br \/>\nL\u00e5dor med julsaker och ljusstakar ska in och en o annan madrass och extrat\u00e4cken ska st\u00e4llas undan.<\/p>\n<p>Inte s\u00e5 betungande men det g\u00e4ller ju att ta tag i det f\u00f6r att f\u00e5 det gjort.<\/p>\n<p>Vi var ju fullt hus h\u00e4r under julen och n\u00e4r alla \u00e5kt hem till sitt s\u00e5 blev det som ett stort tomrum.<\/p>\n<p>Nu \u00e4r vi tillbaka i vanliga rutiner men det k\u00e4nns bra det ocks\u00e5 \u00e4ven om l\u00e4ngtan efter barnen och det lilla barnbarnet sl\u00e5r till d\u00e5 och d\u00e5.<\/p>\n<p>Har nog alltid varit lite h\u00f6nsmamma men dom st\u00e5r faktiskt p\u00e5 egna ben och har klarat sig bra.<br \/>\nJa, k\u00e4ra barn, jag vet att ni  \u00e4r h\u00e4r och l\u00e4ser ibland. Vet att jag \u00e4lskar er.<\/p>\n<p>N\u00e4r det g\u00e4ller stickepinnarna \u00e4r alltf\u00f6r m\u00e5nga ig\u00e5ng igen. Om jag nu ber\u00e4ttar h\u00e4r s\u00e5 kanske jag sk\u00e4rper till mig och betar av arbetena s\u00e5 n\u00e5got blir klart.<\/p>\n<p>Erk\u00e4nner att jag har p\u00e5b\u00f6rjat<br \/>\n3 par vanliga strumpor<br \/>\n1 par tossor<br \/>\n1 liten tr\u00f6ja till minstingen<br \/>\n1 Yemenv\u00e4st<br \/>\n1 sjal<br \/>\nS\u00e5 finns ju vattensjalen som \u00e4r  ett 20 \u00e5rs projekt  f\u00f6r mig. D\u00e4r har jag k\u00f6rt fast f\u00f6r jag har gjort n\u00e5got fel och f\u00e5r inte maskantalet att st\u00e4mma p\u00e5 en m\u00f6nsterraport.<br \/>\nHar k\u00e4mpat p\u00e5 och r\u00e4knat och r\u00e4knat, repat upp och r\u00e4knat och repat upp.<br \/>\nN\u00e4r jag sist lade in den var beslutet taget. N\u00e4sta g\u00e5ng den kommer fram s\u00e5 ska det fuskas.<br \/>\nP\u00e5 n\u00e5got s\u00e4tt ska r\u00e4tt maskantal in och sedan forts\u00e4tter jag.<\/p>\n<p>S\u00e5 sant som min v\u00e4n sa, Ingen \u00e4r perfekt. Inte min vattesjal heller.<\/p>\n<p>I torsdags kv\u00e4ll var vi ett g\u00e4ng fr\u00e5n Finner\u00f6dja som \u00e5kte ner till <a href=\"http:\/\/www.garntorpet.se\/\">Garntorpet<\/a> p\u00e5 stickcaf\u00e9.<br \/>\nJ\u00e4ttetrevligt. Roligt tr\u00e4ffa andra med samma intresse.<br \/>\nN\u00e5gra h\u00e4rvor hittade ner i min v\u00e4ska .<\/p>\n<p>Nu g\u00e4ller det att ta en sak i taget s\u00e5 g\u00e5r livet fram\u00e5t och snar \u00e4r det jul igen.<br \/>\nInga bilder denna g\u00e5ng bara en massa ord.<\/p>\n<p>Lev v\u00e4l och m\u00e5 gott.<\/p>\n","protected":false},"excerpt":{"rendered":"<p>Bloggen f\u00f6r en tynande tillvaro. Men \u00e4nnu s\u00e5 l\u00e4nge lever den. F\u00e5r hoppas livslusten \u00e5terv\u00e4nder med v\u00e5rljuset. Det m\u00e4rks redan att det \u00e4r ljusare p\u00e5 kv\u00e4llarna. Sk\u00f6nt tycker jag och hoppas att tr\u00e4dg\u00e5rdsarbetet ska k\u00e4nnas mer inspirerande i \u00e5r. Planerna f\u00f6r dagen \u00e4r. L\u00e5dor med julsaker och ljusstakar ska in och en o annan madrass [&hellip;]<\/p>\n","protected":false},"author":1,"featured_media":0,"comment_status":"open","ping_status":"open","sticky":false,"template":"","format":"standard","meta":{"footnotes":""},"categories":[4],"tags":[],"class_list":["post-2092","post","type-post","status-publish","format-standard","hentry","category-allmant"],"_links":{"self":[{"href":"https:\/\/eva.sundstrom.st\/index.php?rest_route=\/wp\/v2\/posts\/2092","targetHints":{"allow":["GET"]}}],"collection":[{"href":"https:\/\/eva.sundstrom.st\/index.php?rest_route=\/wp\/v2\/posts"}],"about":[{"href":"https:\/\/eva.sundstrom.st\/index.php?rest_route=\/wp\/v2\/types\/post"}],"author":[{"embeddable":true,"href":"https:\/\/eva.sundstrom.st\/index.php?rest_route=\/wp\/v2\/users\/1"}],"replies":[{"embeddable":true,"href":"https:\/\/eva.sundstrom.st\/index.php?rest_route=%2Fwp%2Fv2%2Fcomments&post=2092"}],"version-history":[{"count":7,"href":"https:\/\/eva.sundstrom.st\/index.php?rest_route=\/wp\/v2\/posts\/2092\/revisions"}],"predecessor-version":[{"id":2099,"href":"https:\/\/eva.sundstrom.st\/index.php?rest_route=\/wp\/v2\/posts\/2092\/revisions\/2099"}],"wp:attachment":[{"href":"https:\/\/eva.sundstrom.st\/index.php?rest_route=%2Fwp%2Fv2%2Fmedia&parent=2092"}],"wp:term":[{"taxonomy":"category","embeddable":true,"href":"https:\/\/eva.sundstrom.st\/index.php?rest_route=%2Fwp%2Fv2%2Fcategories&post=2092"},{"taxonomy":"post_tag","embeddable":true,"href":"https:\/\/eva.sundstrom.st\/index.php?rest_route=%2Fwp%2Fv2%2Ftags&post=2092"}],"curies":[{"name":"wp","href":"https:\/\/api.w.org\/{rel}","templated":true}]}}