{"id":2108,"date":"2010-01-24T20:38:41","date_gmt":"2010-01-24T19:38:41","guid":{"rendered":"http:\/\/www.eva.sundstrom.st\/?p=2108"},"modified":"2010-01-24T20:38:41","modified_gmt":"2010-01-24T19:38:41","slug":"en-bra-helg","status":"publish","type":"post","link":"https:\/\/eva.sundstrom.st\/?p=2108","title":{"rendered":"En bra helg."},"content":{"rendered":"<p>Redan i torsdags fick jag en award fr\u00e5n Metta<br \/>\n<img loading=\"lazy\" decoding=\"async\" src=\"http:\/\/www.eva.sundstrom.st\/wp-content\/upload\/kreativ_blogger_award1_thumb2.jpg\" alt=\"kreativ_blogger_award1_thumb2\" title=\"kreativ_blogger_award1_thumb2\" width=\"227\" height=\"244\" class=\"aligncenter size-full wp-image-2105\" \/><\/p>\n<p>Nu g\u00e4ller det f\u00f6r mig att g\u00f6ra f\u00f6ljande:<br \/>\n&#8211; kopiera awarden till min blogg<br \/>\n&#8211; ber\u00e4tta 7 intressanta saker om mig sj\u00e4lv<br \/>\n&#8211; v\u00e4lja 7 andra bloggar som jag vill ge awarden till<br \/>\n&#8211; l\u00e4nka till dessa bloggar<br \/>\n&#8211; l\u00e4mna en kommentar p\u00e5 bloggarna att de har en award att h\u00e4mta p\u00e5 min blogg<\/p>\n<p>Just nu kan jag inte v\u00e4lja ut sju stycken att skicka den vidare till. <\/p>\n<p>Vill skicka den till alla som \u00e4r inne och l\u00e4ser och l\u00e4mnar uppmuntrande kommentarer.<\/p>\n<p>Ber\u00e4tta sju intressanta saker om mig???<br \/>\nFixar inte det heller \ud83d\ude41<br \/>\nMen jag vill tacka dig Metta f\u00f6r att du t\u00e4nkte p\u00e5 mig.<\/p>\n<p>Skulle vilja uppmuntra en ung bloggare som har virkat och stickat en del riktigt fina saker.<br \/>\n<a href=\"http:\/\/lisasnystan.blogspot.com\">Lisas nystan<\/a><\/p>\n<p>Tycker det \u00e4r kul att yngre ocks\u00e5 v\u00e5gar visa sina alster.<\/p>\n<p>P\u00e5 fredagsf\u00f6rmiddagen var jag och fick ryggmassage.  H\u00e4rligt.<br \/>\nGick raka v\u00e4gen d\u00e4rifr\u00e5n till en v\u00e4n d\u00e4r jag fick kaffe, goda bullar och kaka och inte minst skratta gott. <\/p>\n<p>P\u00e5 fredagskv\u00e4llen kom lilla minsta gossepyret hem till mormor. Jo d\u00e5, han hade mamma, pappa och vovven med sig ocks\u00e5.<br \/>\nP\u00e5 l\u00f6rdagen kom en av s\u00f6nerna och hans sambo.<br \/>\nVi har firade en f\u00f6delsedag (inte min) med sm\u00f6rg\u00e5st\u00e5rta<\/p>\n<p><img loading=\"lazy\" decoding=\"async\" src=\"http:\/\/www.eva.sundstrom.st\/wp-content\/upload\/dsc05743.jpg\" alt=\"dsc05743\" title=\"dsc05743\" width=\"368\" height=\"276\" class=\"aligncenter size-full wp-image-2107\" srcset=\"https:\/\/eva.sundstrom.st\/wp-content\/upload\/dsc05743.jpg 368w, https:\/\/eva.sundstrom.st\/wp-content\/upload\/dsc05743-300x225.jpg 300w\" sizes=\"auto, (max-width: 368px) 100vw, 368px\" \/><br \/>\npresenter och tulpanbuketter.<\/p>\n<p> S\u00e5 h\u00e4rligt att f\u00e5 barnbes\u00f6k.<\/p>\n<p>P\u00e5 hantverksfronten har jag knutit klart fransen p\u00e5 en av mattorna jag v\u00e4vde f\u00f6re jul<\/p>\n<p><img loading=\"lazy\" decoding=\"async\" src=\"http:\/\/www.eva.sundstrom.st\/wp-content\/upload\/dsc05747.jpg\" alt=\"dsc05747\" title=\"dsc05747\" width=\"368\" height=\"276\" class=\"aligncenter size-full wp-image-2106\" srcset=\"https:\/\/eva.sundstrom.st\/wp-content\/upload\/dsc05747.jpg 368w, https:\/\/eva.sundstrom.st\/wp-content\/upload\/dsc05747-300x225.jpg 300w\" sizes=\"auto, (max-width: 368px) 100vw, 368px\" \/>.<\/p>\n<p>Den blev lite kort. Det var synd att trasorna inte r\u00e4ckte l\u00e4ngre och att tiden var s\u00e5 knapp. Men den kan v\u00e4l nyttjas som d\u00f6rrmatta kanske.<\/p>\n<p>Nu f\u00e5r jag forts\u00e4tta sticka p\u00e5 strumporna som \u00e4r p\u00e5b\u00f6rjade. Skulle vara sk\u00f6nt om jag kunde redovisa att min lista p\u00e5 b\u00f6rjade alster krympte men det \u00e4r ju inte s\u00e5 l\u00e4tt n\u00e4r jag hela tiden b\u00f6rjar p\u00e5 nya saker \ud83d\ude09 <\/p>\n<p>Lev v\u00e4l, ta hand om er och m\u00e5 gott<\/p>\n","protected":false},"excerpt":{"rendered":"<p>Redan i torsdags fick jag en award fr\u00e5n Metta Nu g\u00e4ller det f\u00f6r mig att g\u00f6ra f\u00f6ljande: &#8211; kopiera awarden till min blogg &#8211; ber\u00e4tta 7 intressanta saker om mig sj\u00e4lv &#8211; v\u00e4lja 7 andra bloggar som jag vill ge awarden till &#8211; l\u00e4nka till dessa bloggar &#8211; l\u00e4mna en kommentar p\u00e5 bloggarna att de [&hellip;]<\/p>\n","protected":false},"author":1,"featured_media":0,"comment_status":"open","ping_status":"open","sticky":false,"template":"","format":"standard","meta":{"footnotes":""},"categories":[4,7],"tags":[],"class_list":["post-2108","post","type-post","status-publish","format-standard","hentry","category-allmant","category-award"],"_links":{"self":[{"href":"https:\/\/eva.sundstrom.st\/index.php?rest_route=\/wp\/v2\/posts\/2108","targetHints":{"allow":["GET"]}}],"collection":[{"href":"https:\/\/eva.sundstrom.st\/index.php?rest_route=\/wp\/v2\/posts"}],"about":[{"href":"https:\/\/eva.sundstrom.st\/index.php?rest_route=\/wp\/v2\/types\/post"}],"author":[{"embeddable":true,"href":"https:\/\/eva.sundstrom.st\/index.php?rest_route=\/wp\/v2\/users\/1"}],"replies":[{"embeddable":true,"href":"https:\/\/eva.sundstrom.st\/index.php?rest_route=%2Fwp%2Fv2%2Fcomments&post=2108"}],"version-history":[{"count":10,"href":"https:\/\/eva.sundstrom.st\/index.php?rest_route=\/wp\/v2\/posts\/2108\/revisions"}],"predecessor-version":[{"id":2118,"href":"https:\/\/eva.sundstrom.st\/index.php?rest_route=\/wp\/v2\/posts\/2108\/revisions\/2118"}],"wp:attachment":[{"href":"https:\/\/eva.sundstrom.st\/index.php?rest_route=%2Fwp%2Fv2%2Fmedia&parent=2108"}],"wp:term":[{"taxonomy":"category","embeddable":true,"href":"https:\/\/eva.sundstrom.st\/index.php?rest_route=%2Fwp%2Fv2%2Fcategories&post=2108"},{"taxonomy":"post_tag","embeddable":true,"href":"https:\/\/eva.sundstrom.st\/index.php?rest_route=%2Fwp%2Fv2%2Ftags&post=2108"}],"curies":[{"name":"wp","href":"https:\/\/api.w.org\/{rel}","templated":true}]}}