{"id":2126,"date":"2010-01-30T15:02:22","date_gmt":"2010-01-30T14:02:22","guid":{"rendered":"http:\/\/www.eva.sundstrom.st\/?p=2126"},"modified":"2010-02-07T17:35:10","modified_gmt":"2010-02-07T16:35:10","slug":"100130","status":"publish","type":"post","link":"https:\/\/eva.sundstrom.st\/?p=2126","title":{"rendered":"100130"},"content":{"rendered":"<p>Klart v\u00e4der med str\u00e5lande sol och riktigt vinterkallt \u00e4r det denna n\u00e4st sista dagen i Januari.<\/p>\n<p><img loading=\"lazy\" decoding=\"async\" src=\"http:\/\/www.eva.sundstrom.st\/wp-content\/upload\/dsc05768.jpg\" alt=\"dsc05768\" title=\"dsc05768\" width=\"460\" height=\"250\" class=\"aligncenter size-full wp-image-2131\" srcset=\"https:\/\/eva.sundstrom.st\/wp-content\/upload\/dsc05768.jpg 460w, https:\/\/eva.sundstrom.st\/wp-content\/upload\/dsc05768-300x163.jpg 300w\" sizes=\"auto, (max-width: 460px) 100vw, 460px\" \/><\/p>\n<p>Det \u00e4r inte varje \u00e5r vi har sn\u00f6 och kallt s\u00e5 l\u00e4nge i taget som vi haft denna vinter.<\/p>\n<p><img loading=\"lazy\" decoding=\"async\" src=\"http:\/\/www.eva.sundstrom.st\/wp-content\/upload\/dsc05769.jpg\" alt=\"dsc05769\" title=\" c05769\" width=\"368\" height=\"276\" class=\"aligncenter size-full wp-image-2130\" srcset=\"https:\/\/eva.sundstrom.st\/wp-content\/upload\/dsc05769.jpg 368w, https:\/\/eva.sundstrom.st\/wp-content\/upload\/dsc05769-300x225.jpg 300w\" sizes=\"auto, (max-width: 368px) 100vw, 368px\" \/><\/p>\n<p>Det har verkligen varit vinter  p\u00e5 riktigt och v\u00e4ldigt vackert om \u00e4n i kallaste laget ibland.<\/p>\n<p>Blommor f\u00f6r januari f\u00e5r bli<br \/>\nEn vit amaryllis<\/p>\n<p><img loading=\"lazy\" decoding=\"async\" src=\"http:\/\/www.eva.sundstrom.st\/wp-content\/upload\/dsc05763.jpg\" alt=\"dsc05763\" title=\"dsc05763\" width=\"368\" height=\"276\" class=\"aligncenter size-full wp-image-2135\" srcset=\"https:\/\/eva.sundstrom.st\/wp-content\/upload\/dsc05763.jpg 368w, https:\/\/eva.sundstrom.st\/wp-content\/upload\/dsc05763-300x225.jpg 300w\" sizes=\"auto, (max-width: 368px) 100vw, 368px\" \/><\/p>\n<p>och en rosa nejlika, en av mina favoriter<\/p>\n<p><img loading=\"lazy\" decoding=\"async\" src=\"http:\/\/www.eva.sundstrom.st\/wp-content\/upload\/dsc05764.jpg\" alt=\"dsc05764\" title=\"dsc05764\" width=\"459\" height=\"303\" class=\"aligncenter size-full wp-image-2134\" srcset=\"https:\/\/eva.sundstrom.st\/wp-content\/upload\/dsc05764.jpg 459w, https:\/\/eva.sundstrom.st\/wp-content\/upload\/dsc05764-300x198.jpg 300w\" sizes=\"auto, (max-width: 459px) 100vw, 459px\" \/><\/p>\n<p>Ett par b\u00f6cker har l\u00e4sts ut<\/p>\n<p><img loading=\"lazy\" decoding=\"async\" src=\"http:\/\/www.eva.sundstrom.st\/wp-content\/upload\/dsc05767.jpg\" alt=\"dsc05767\" title=\"dsc05767\" width=\"276\" height=\"368\" class=\"aligncenter size-full wp-image-2132\" srcset=\"https:\/\/eva.sundstrom.st\/wp-content\/upload\/dsc05767.jpg 276w, https:\/\/eva.sundstrom.st\/wp-content\/upload\/dsc05767-225x300.jpg 225w\" sizes=\"auto, (max-width: 276px) 100vw, 276px\" \/><\/p>\n<p>Tack M f\u00f6r l\u00e5net.<br \/>\nR\u00f6dluvan \u00e4r helt klart l\u00e4sv\u00e4rd men inte den b\u00e4sta jag l\u00e4st av Unni Lundell. Den ligger i alla fall p\u00e5 plussidan. <\/p>\n<p><img loading=\"lazy\" decoding=\"async\" src=\"http:\/\/www.eva.sundstrom.st\/wp-content\/upload\/dsc05766.jpg\" alt=\"dsc05766\" title=\"dsc05766\" width=\"276\" height=\"368\" class=\"aligncenter size-full wp-image-2133\" srcset=\"https:\/\/eva.sundstrom.st\/wp-content\/upload\/dsc05766.jpg 276w, https:\/\/eva.sundstrom.st\/wp-content\/upload\/dsc05766-225x300.jpg 225w\" sizes=\"auto, (max-width: 276px) 100vw, 276px\" \/><\/p>\n<p>Klart p\u00e5 plus f\u00f6r Camilla L\u00e4ckberg den h\u00e4r g\u00e5ngen ocks\u00e5.<\/p>\n<p>Om n\u00e5gon orkat h\u00e4nga med p\u00e5 pin sticklista s\u00e5 \u00e4r ni nog \u00f6verens med mig att d\u00e4r inte har synts till n\u00e5got om en fuskpolo. Jag har inte sett till det och \u00e4nd\u00e5 har den lyckat slingra sig in p\u00e5 stickorna. Eftersom den ocks\u00e5 lyckats bli klar s\u00e5 \u00e4r det  v\u00e4ll ok att tala om det.<br \/>\n\u00c4rlighet varar l\u00e4ngst s\u00e4gs det ju.<\/p>\n<p><img loading=\"lazy\" decoding=\"async\" src=\"http:\/\/www.eva.sundstrom.st\/wp-content\/upload\/dsc05771.jpg\" alt=\"dsc05771\" title=\"dsc05771\" width=\"276\" height=\"368\" class=\"aligncenter size-full wp-image-2128\" srcset=\"https:\/\/eva.sundstrom.st\/wp-content\/upload\/dsc05771.jpg 276w, https:\/\/eva.sundstrom.st\/wp-content\/upload\/dsc05771-225x300.jpg 225w\" sizes=\"auto, (max-width: 276px) 100vw, 276px\" \/><\/p>\n<p>En sista bild kommer h\u00e4r. <\/p>\n<p>Kan vi tyda detta som ett litet v\u00e5rtecken?<\/p>\n<p><img loading=\"lazy\" decoding=\"async\" src=\"http:\/\/www.eva.sundstrom.st\/wp-content\/upload\/dsc05770.jpg\" alt=\"dsc05770\" title=\"dsc05770\" width=\"415\" height=\"246\" class=\"aligncenter size-full wp-image-2129\" srcset=\"https:\/\/eva.sundstrom.st\/wp-content\/upload\/dsc05770.jpg 415w, https:\/\/eva.sundstrom.st\/wp-content\/upload\/dsc05770-300x177.jpg 300w\" sizes=\"auto, (max-width: 415px) 100vw, 415px\" \/><\/p>\n<p>\u00d6nskar er en fin helg.<\/p>\n","protected":false},"excerpt":{"rendered":"<p>Klart v\u00e4der med str\u00e5lande sol och riktigt vinterkallt \u00e4r det denna n\u00e4st sista dagen i Januari. Det \u00e4r inte varje \u00e5r vi har sn\u00f6 och kallt s\u00e5 l\u00e4nge i taget som vi haft denna vinter. Det har verkligen varit vinter p\u00e5 riktigt och v\u00e4ldigt vackert om \u00e4n i kallaste laget ibland. Blommor f\u00f6r januari f\u00e5r [&hellip;]<\/p>\n","protected":false},"author":1,"featured_media":0,"comment_status":"open","ping_status":"open","sticky":false,"template":"","format":"standard","meta":{"footnotes":""},"categories":[3,5,10],"tags":[],"class_list":["post-2126","post","type-post","status-publish","format-standard","hentry","category-bocker","category-fran-garnlagret","category-vader"],"_links":{"self":[{"href":"https:\/\/eva.sundstrom.st\/index.php?rest_route=\/wp\/v2\/posts\/2126","targetHints":{"allow":["GET"]}}],"collection":[{"href":"https:\/\/eva.sundstrom.st\/index.php?rest_route=\/wp\/v2\/posts"}],"about":[{"href":"https:\/\/eva.sundstrom.st\/index.php?rest_route=\/wp\/v2\/types\/post"}],"author":[{"embeddable":true,"href":"https:\/\/eva.sundstrom.st\/index.php?rest_route=\/wp\/v2\/users\/1"}],"replies":[{"embeddable":true,"href":"https:\/\/eva.sundstrom.st\/index.php?rest_route=%2Fwp%2Fv2%2Fcomments&post=2126"}],"version-history":[{"count":6,"href":"https:\/\/eva.sundstrom.st\/index.php?rest_route=\/wp\/v2\/posts\/2126\/revisions"}],"predecessor-version":[{"id":2144,"href":"https:\/\/eva.sundstrom.st\/index.php?rest_route=\/wp\/v2\/posts\/2126\/revisions\/2144"}],"wp:attachment":[{"href":"https:\/\/eva.sundstrom.st\/index.php?rest_route=%2Fwp%2Fv2%2Fmedia&parent=2126"}],"wp:term":[{"taxonomy":"category","embeddable":true,"href":"https:\/\/eva.sundstrom.st\/index.php?rest_route=%2Fwp%2Fv2%2Fcategories&post=2126"},{"taxonomy":"post_tag","embeddable":true,"href":"https:\/\/eva.sundstrom.st\/index.php?rest_route=%2Fwp%2Fv2%2Ftags&post=2126"}],"curies":[{"name":"wp","href":"https:\/\/api.w.org\/{rel}","templated":true}]}}