{"id":216,"date":"2007-08-06T21:36:40","date_gmt":"2007-08-06T20:36:40","guid":{"rendered":"http:\/\/www.eva.sundstrom.st\/?p=216"},"modified":"2007-08-06T21:36:40","modified_gmt":"2007-08-06T20:36:40","slug":"hard-kamp-om-tillvaron","status":"publish","type":"post","link":"https:\/\/eva.sundstrom.st\/?p=216","title":{"rendered":"H"},"content":{"rendered":"<p>Detta utspelade sig  i v\u00e5r tr\u00e4dg\u00e5rd denna ljuva sommar kv\u00e4ll.<\/p>\n<p><a href='http:\/\/www.eva.sundstrom.st\/wp-content\/upload\/dsc00820.jpg' title='dsc00820.jpg'><img src='http:\/\/www.eva.sundstrom.st\/wp-content\/upload\/dsc00820.jpg' alt='dsc00820.jpg' \/><\/a><\/p>\n<p>N\u00e5gon som vet vad det \u00e4r f\u00f6r en fuling som anv\u00e4nder min h\u00f6stsolros till<\/p>\n<p>sitt f\u00e5ngstn\u00e4t?<\/p>\n<p>P\u00e5 ett annat st\u00e4lle i tr\u00e4dg\u00e5rden vajade denna skapelse i sitt n\u00e4t.<\/p>\n<p>Kan inte namnet h\u00e4r heller.<\/p>\n<p><a href='http:\/\/www.eva.sundstrom.st\/wp-content\/upload\/dsc00810.jpg' title='dsc00810.jpg'><img src='http:\/\/www.eva.sundstrom.st\/wp-content\/upload\/dsc00810.jpg' alt='dsc00810.jpg' \/><\/a><\/p>\n<p>S\u00e5 till lite mera v\u00e4nliga saker.<br \/>\nMin Afrikas bl\u00e5 lilja blommar ju inte  men sm\u00e5 violer sk\u00f6na har s\u00e5tt sig aldeles sj\u00e4lva <\/p>\n<p><a href='http:\/\/www.eva.sundstrom.st\/wp-content\/upload\/dsc00795.jpg' title='dsc00795.jpg'><img src='http:\/\/www.eva.sundstrom.st\/wp-content\/upload\/dsc00795.jpg' alt='dsc00795.jpg' \/><\/a><\/p>\n<p>och blommar b\u00e5de d\u00e4r och i en annan kruka  d\u00e4r det igentligen ska blomma en hortensia!<\/p>\n<p><a href='http:\/\/www.eva.sundstrom.st\/wp-content\/upload\/dsc00821.jpg' title='dsc00821.jpg'><img src='http:\/\/www.eva.sundstrom.st\/wp-content\/upload\/dsc00821.jpg' alt='dsc00821.jpg' \/><\/a><\/p>\n<p>S\u00e5 har jag stickat och stickat p\u00e5 den &#8221;bl\u00e5 sjalen&#8221; .<br \/>\nHelt konsentrerad p\u00e5 arbetet varken jag h\u00f6r eller ser n\u00e4r folk g\u00e5r f\u00f6rbi. Jag h\u00f6rde nog att det pratade men inte f\u00f6rr\u00e4n dom sa hoho reagerade jag.<\/p>\n<p>Ni som gick f\u00f6rbi kanse trodde jag satt och sov.<\/p>\n<p>Nu \u00e4r den iallafall klar. Den blev st\u00f6rre \u00e4n jag t\u00e4ngt men det g\u00f6r ingenting.<\/p>\n<p><a href='http:\/\/www.eva.sundstrom.st\/wp-content\/upload\/dsc00811.jpg' title='dsc00811.jpg'><img src='http:\/\/www.eva.sundstrom.st\/wp-content\/upload\/dsc00811.jpg' alt='dsc00811.jpg' \/><\/a><\/p>\n<p>Jag \u00e4lskar ju bl\u00e5tt s\u00e5 jag \u00e4r n\u00f6jd med den. <\/p>\n<p>T\u00e4nkte ge er ett smakprov p\u00e5 vad jag har p\u00e5 stickorna nu men det kortet blev inte als bra s\u00e5 <\/p>\n<p>det f\u00e5r v\u00e4nta.<\/p>\n<p>En liten blomma till slut. S\u00e4g vad kan det vara?<\/p>\n<p><a href='http:\/\/www.eva.sundstrom.st\/wp-content\/upload\/dsc00819.jpg' title='dsc00819.jpg'><img src='http:\/\/www.eva.sundstrom.st\/wp-content\/upload\/dsc00819.jpg' alt='dsc00819.jpg' \/><\/a><\/p>\n<p>Visst \u00e4r den vacker.<br \/>\nGod natt.<\/p>\n","protected":false},"excerpt":{"rendered":"<p>Detta utspelade sig i v\u00e5r tr\u00e4dg\u00e5rd denna ljuva sommar kv\u00e4ll. N\u00e5gon som vet vad det \u00e4r f\u00f6r en fuling som anv\u00e4nder min h\u00f6stsolros till sitt f\u00e5ngstn\u00e4t? P\u00e5 ett annat st\u00e4lle i tr\u00e4dg\u00e5rden vajade denna skapelse i sitt n\u00e4t. Kan inte namnet h\u00e4r heller. S\u00e5 till lite mera v\u00e4nliga saker. Min Afrikas bl\u00e5 lilja blommar ju [&hellip;]<\/p>\n","protected":false},"author":1,"featured_media":0,"comment_status":"open","ping_status":"open","sticky":false,"template":"","format":"standard","meta":{"footnotes":""},"categories":[1],"tags":[],"class_list":["post-216","post","type-post","status-publish","format-standard","hentry","category-uncategorized"],"_links":{"self":[{"href":"https:\/\/eva.sundstrom.st\/index.php?rest_route=\/wp\/v2\/posts\/216","targetHints":{"allow":["GET"]}}],"collection":[{"href":"https:\/\/eva.sundstrom.st\/index.php?rest_route=\/wp\/v2\/posts"}],"about":[{"href":"https:\/\/eva.sundstrom.st\/index.php?rest_route=\/wp\/v2\/types\/post"}],"author":[{"embeddable":true,"href":"https:\/\/eva.sundstrom.st\/index.php?rest_route=\/wp\/v2\/users\/1"}],"replies":[{"embeddable":true,"href":"https:\/\/eva.sundstrom.st\/index.php?rest_route=%2Fwp%2Fv2%2Fcomments&post=216"}],"version-history":[{"count":0,"href":"https:\/\/eva.sundstrom.st\/index.php?rest_route=\/wp\/v2\/posts\/216\/revisions"}],"wp:attachment":[{"href":"https:\/\/eva.sundstrom.st\/index.php?rest_route=%2Fwp%2Fv2%2Fmedia&parent=216"}],"wp:term":[{"taxonomy":"category","embeddable":true,"href":"https:\/\/eva.sundstrom.st\/index.php?rest_route=%2Fwp%2Fv2%2Fcategories&post=216"},{"taxonomy":"post_tag","embeddable":true,"href":"https:\/\/eva.sundstrom.st\/index.php?rest_route=%2Fwp%2Fv2%2Ftags&post=216"}],"curies":[{"name":"wp","href":"https:\/\/api.w.org\/{rel}","templated":true}]}}