{"id":2162,"date":"2010-02-27T10:22:00","date_gmt":"2010-02-27T09:22:00","guid":{"rendered":"http:\/\/www.eva.sundstrom.st\/?p=2162"},"modified":"2010-02-27T10:22:00","modified_gmt":"2010-02-27T09:22:00","slug":"uppdatering-2","status":"publish","type":"post","link":"https:\/\/eva.sundstrom.st\/?p=2162","title":{"rendered":"Uppdatering"},"content":{"rendered":"<p>Dagarna g\u00e5r fort och snart \u00e4r det v\u00e5r.<\/p>\n<p><img loading=\"lazy\" decoding=\"async\" src=\"http:\/\/www.eva.sundstrom.st\/wp-content\/upload\/dsc05846.jpg\" alt=\"dsc05846\" title=\"dsc05846\" width=\"491\" height=\"318\" class=\"aligncenter size-full wp-image-2169\" srcset=\"https:\/\/eva.sundstrom.st\/wp-content\/upload\/dsc05846.jpg 491w, https:\/\/eva.sundstrom.st\/wp-content\/upload\/dsc05846-300x194.jpg 300w\" sizes=\"auto, (max-width: 491px) 100vw, 491px\" \/><\/p>\n<p>Var till G\u00f6teborg f\u00f6rra helgen.<br \/>\nStorsn\u00f6ade n\u00e4r jag kom dit p\u00e5 torsdagskv\u00e4llen. Fredagen var n\u00e5got  b\u00e4ttre och vi, k\u00e4ra syster och jag, tog oss till Kl\u00e4dk\u00e4llaren och sedan till 2 Knit.<\/p>\n<p>Fr\u00e5n en garnaff\u00e4r kan man ju inte g\u00e5 utan garn s\u00e5 detta f\u00f6ljde med hem.<\/p>\n<p><img loading=\"lazy\" decoding=\"async\" src=\"http:\/\/www.eva.sundstrom.st\/wp-content\/upload\/dsc05819.jpg\" alt=\"dsc05819\" title=\"dsc05819\" width=\"368\" height=\"276\" class=\"aligncenter size-full wp-image-2170\" srcset=\"https:\/\/eva.sundstrom.st\/wp-content\/upload\/dsc05819.jpg 368w, https:\/\/eva.sundstrom.st\/wp-content\/upload\/dsc05819-300x225.jpg 300w\" sizes=\"auto, (max-width: 368px) 100vw, 368px\" \/><\/p>\n<p>P\u00e5 l\u00f6rdagsmorgonen s\u00e5g det ut s\u00e5 h\u00e4r n\u00e4r jag drog upp rullgardinen.<\/p>\n<p><img loading=\"lazy\" decoding=\"async\" src=\"http:\/\/www.eva.sundstrom.st\/wp-content\/upload\/dsc05822.jpg\" alt=\"dsc05822\" title=\"dsc05822\" width=\"496\" height=\"202\" class=\"aligncenter size-full wp-image-2175\" srcset=\"https:\/\/eva.sundstrom.st\/wp-content\/upload\/dsc05822.jpg 496w, https:\/\/eva.sundstrom.st\/wp-content\/upload\/dsc05822-300x122.jpg 300w\" sizes=\"auto, (max-width: 496px) 100vw, 496px\" \/><\/p>\n<p>Fick lov att best\u00e4lla en ny t\u00e5gbiljett hem. Ville inte att gubben skulle ge sig ut p\u00e5 v\u00e4gen som det var t\u00e4nkt. &#8221;Mitt&#8221; t\u00e5g gick p\u00e5 s\u00f6ndagen s\u00e5 jag kom hem om \u00e4n en timma senare \u00e4n ber\u00e4knat. Med allt strul som var i t\u00e5gtrafiken den helgen kan man inte klaga.<\/p>\n<p>L\u00e4st har jag gjort sedan sist. Tre b\u00f6cker som jag best\u00e4mt mig f\u00f6r var lite sm\u00e5tr\u00e5kiga.<br \/>\nS\u00e5 kom en v\u00e4n och tyckte jag skulle l\u00e5na dom av henne.<br \/>\nOK, kan v\u00e4l testa.<\/p>\n<p><img loading=\"lazy\" decoding=\"async\" src=\"http:\/\/www.eva.sundstrom.st\/wp-content\/upload\/dsc05847.jpg\" alt=\"dsc05847\" title=\"dsc05847\" width=\"488\" height=\"256\" class=\"aligncenter size-full wp-image-2168\" srcset=\"https:\/\/eva.sundstrom.st\/wp-content\/upload\/dsc05847.jpg 488w, https:\/\/eva.sundstrom.st\/wp-content\/upload\/dsc05847-300x157.jpg 300w\" sizes=\"auto, (max-width: 488px) 100vw, 488px\" \/><\/p>\n<p>S\u00e4ger bara det. L\u00e4s dom om du inte redan gjort det. Inte ett dugg tr\u00e5kiga. V\u00e4ldigt l\u00e4ttl\u00e4sta.<br \/>\nH\u00e4r vid datorn har jag lyssnat p\u00e5<\/p>\n<p><img loading=\"lazy\" decoding=\"async\" src=\"http:\/\/www.eva.sundstrom.st\/wp-content\/upload\/dsc05850.jpg\" alt=\"dsc05850\" title=\"dsc05850\" width=\"295\" height=\"230\" class=\"alignleft size-full wp-image-2166\" \/> <\/p>\n<p>och<\/p>\n<p><img loading=\"lazy\" decoding=\"async\" src=\"http:\/\/www.eva.sundstrom.st\/wp-content\/upload\/dsc05849.jpg\" alt=\"dsc05849\" title=\"dsc05849\" width=\"256\" height=\"218\" class=\"aligncenter size-full wp-image-2167\" \/><\/p>\n<p>B\u00e5da v\u00e4rda att lyssna p\u00e5.<\/p>\n<p>Ur g\u00f6mmorna har jag gr\u00e4vt fram tv\u00e5 sm\u00e5 tr\u00f6jor. Det fattades bara att sy i knappar och nu \u00e4r det gjort.<\/p>\n<p><img loading=\"lazy\" decoding=\"async\" src=\"http:\/\/www.eva.sundstrom.st\/wp-content\/upload\/dsc05818.jpg\" alt=\"dsc05818\" title=\"dsc05818\" width=\"368\" height=\"244\" class=\"aligncenter size-full wp-image-2171\" srcset=\"https:\/\/eva.sundstrom.st\/wp-content\/upload\/dsc05818.jpg 368w, https:\/\/eva.sundstrom.st\/wp-content\/upload\/dsc05818-300x198.jpg 300w\" sizes=\"auto, (max-width: 368px) 100vw, 368px\" \/><\/p>\n<p><img loading=\"lazy\" decoding=\"async\" src=\"http:\/\/www.eva.sundstrom.st\/wp-content\/upload\/dsc05817.jpg\" alt=\"dsc05817\" title=\"dsc05817\" width=\"368\" height=\"250\" class=\"aligncenter size-full wp-image-2172\" srcset=\"https:\/\/eva.sundstrom.st\/wp-content\/upload\/dsc05817.jpg 368w, https:\/\/eva.sundstrom.st\/wp-content\/upload\/dsc05817-300x203.jpg 300w\" sizes=\"auto, (max-width: 368px) 100vw, 368px\" \/><\/p>\n<p>Tog en extra bild, som saknar sk\u00e4rpa, p\u00e5 knapparna till den h\u00e4r. Tyckte dom var s\u00e5 s\u00f6ta. <\/p>\n<p><img loading=\"lazy\" decoding=\"async\" src=\"http:\/\/www.eva.sundstrom.st\/wp-content\/upload\/dsc05815.jpg\" alt=\"dsc05815\" title=\"dsc05815\" width=\"342\" height=\"94\" class=\"aligncenter size-full wp-image-2173\" srcset=\"https:\/\/eva.sundstrom.st\/wp-content\/upload\/dsc05815.jpg 342w, https:\/\/eva.sundstrom.st\/wp-content\/upload\/dsc05815-300x82.jpg 300w\" sizes=\"auto, (max-width: 342px) 100vw, 342px\" \/><\/p>\n<p>V\u00e4dret \u00e4r milt och gr\u00e5tt h\u00e4r i dag. I g\u00e5r regnade det.<\/p>\n<p>Det var allt f\u00f6r denna g\u00e5ng.<br \/>\nVar r\u00e4dd om era v\u00e4nner, dom \u00e4r bra att ha.<br \/>\nLev v\u00e4l och m\u00e5 gott.<\/p>\n","protected":false},"excerpt":{"rendered":"<p>Dagarna g\u00e5r fort och snart \u00e4r det v\u00e5r. Var till G\u00f6teborg f\u00f6rra helgen. Storsn\u00f6ade n\u00e4r jag kom dit p\u00e5 torsdagskv\u00e4llen. Fredagen var n\u00e5got b\u00e4ttre och vi, k\u00e4ra syster och jag, tog oss till Kl\u00e4dk\u00e4llaren och sedan till 2 Knit. Fr\u00e5n en garnaff\u00e4r kan man ju inte g\u00e5 utan garn s\u00e5 detta f\u00f6ljde med hem. P\u00e5 [&hellip;]<\/p>\n","protected":false},"author":1,"featured_media":0,"comment_status":"open","ping_status":"open","sticky":false,"template":"","format":"standard","meta":{"footnotes":""},"categories":[3,5,10],"tags":[],"class_list":["post-2162","post","type-post","status-publish","format-standard","hentry","category-bocker","category-fran-garnlagret","category-vader"],"_links":{"self":[{"href":"https:\/\/eva.sundstrom.st\/index.php?rest_route=\/wp\/v2\/posts\/2162","targetHints":{"allow":["GET"]}}],"collection":[{"href":"https:\/\/eva.sundstrom.st\/index.php?rest_route=\/wp\/v2\/posts"}],"about":[{"href":"https:\/\/eva.sundstrom.st\/index.php?rest_route=\/wp\/v2\/types\/post"}],"author":[{"embeddable":true,"href":"https:\/\/eva.sundstrom.st\/index.php?rest_route=\/wp\/v2\/users\/1"}],"replies":[{"embeddable":true,"href":"https:\/\/eva.sundstrom.st\/index.php?rest_route=%2Fwp%2Fv2%2Fcomments&post=2162"}],"version-history":[{"count":8,"href":"https:\/\/eva.sundstrom.st\/index.php?rest_route=\/wp\/v2\/posts\/2162\/revisions"}],"predecessor-version":[{"id":2181,"href":"https:\/\/eva.sundstrom.st\/index.php?rest_route=\/wp\/v2\/posts\/2162\/revisions\/2181"}],"wp:attachment":[{"href":"https:\/\/eva.sundstrom.st\/index.php?rest_route=%2Fwp%2Fv2%2Fmedia&parent=2162"}],"wp:term":[{"taxonomy":"category","embeddable":true,"href":"https:\/\/eva.sundstrom.st\/index.php?rest_route=%2Fwp%2Fv2%2Fcategories&post=2162"},{"taxonomy":"post_tag","embeddable":true,"href":"https:\/\/eva.sundstrom.st\/index.php?rest_route=%2Fwp%2Fv2%2Ftags&post=2162"}],"curies":[{"name":"wp","href":"https:\/\/api.w.org\/{rel}","templated":true}]}}