{"id":222,"date":"2007-08-09T18:08:34","date_gmt":"2007-08-09T17:08:34","guid":{"rendered":"http:\/\/www.eva.sundstrom.st\/?p=222"},"modified":"2007-08-09T18:21:07","modified_gmt":"2007-08-09T17:21:07","slug":"en-liten-gast","status":"publish","type":"post","link":"https:\/\/eva.sundstrom.st\/?p=222","title":{"rendered":"En liten g"},"content":{"rendered":"<p>Och  hush\u00e5llsarbete<\/p>\n<p>Det d\u00e4r med matlagnig syltning och saftning \u00e4r inte als min grej<\/p>\n<p>Nog kokade jag en del saft n\u00e4r barnen var sm\u00e5. Sylt gick ocks\u00e5 l\u00e4ttare d\u00e5. Nu m\u00e5ste jag verkligen <\/p>\n<p>ta tag i s\u00e5na saker om jag ska f\u00e5 det gjort.<\/p>\n<p>Baka tycker jag d\u00e4remot om att g\u00f6ra d\u00e5 och d\u00e5<\/p>\n<p>Morgonen i dag var en s\u00e5n dag n\u00e4r det drog i baknervn.<\/p>\n<p>B\u00f6rjade med sockerka, \u00e4ven en med chklad men den kom inte med h\u00e4r<\/p>\n<p><a href='http:\/\/www.eva.sundstrom.st\/wp-content\/upload\/dsc00871.jpg' title='dsc00871.jpg'><img src='http:\/\/www.eva.sundstrom.st\/wp-content\/upload\/dsc00871.jpg' alt='dsc00871.jpg' \/><\/a><\/p>\n<p>Det har ju varit en del g\u00e4ster som kommi och g\u00e5tt.<\/p>\n<p>Igentligen inga storfikare  men \u00e4r man n\u00e5gra stycken varje g\u00e5ng s\u00e5 g\u00e5r det \u00e5t en del.<\/p>\n<p>Forts\u00e4ttningen blev lite tekakor med havregryn i.<\/p>\n<p><a href='http:\/\/www.eva.sundstrom.st\/wp-content\/upload\/dsc00872.jpg' title='dsc00872.jpg'><img src='http:\/\/www.eva.sundstrom.st\/wp-content\/upload\/dsc00872.jpg' alt='dsc00872.jpg' \/><\/a><\/p>\n<p>P\u00e5 matbr\u00f6dsfronten m\u00e4rks det verkligen att det nu finns en ton\u00e5ring i huset igen.<br \/>\nEn annan sak d\u00e4r f\u00f6rbrukninen sk\u00f6t i h\u00f6jden i b\u00f6rjan p\u00e5 sommaren \u00e4r mj\u00f6lken.<br \/>\nOj, Oj,. Hade n\u00e4stan gl\u00f6mt hur det var.<\/p>\n<p>Snart \u00e4r sommarlovet slut igen och allt \u00e5terg\u00e5r till det vanliga.<\/p>\n<p>Jag \u00e4r glad s\u00e5 l\u00e4nge yngste sonen vill komma hem p\u00e5 loven.  <\/p>\n<p>Hur det blir sedan f\u00e5r man ta d\u00e5.  Har ju faktiskt g\u00e5tt igenom detta tre g\u00e5nger tidigare,och det \u00e4r ju s\u00e5 det ska vara, s\u00e5 det ska v\u00e4ll g\u00e5 den h\u00e4r g\u00e5ngen ocks\u00e5.<\/p>\n<p>Han m\u00e5ste ju f\u00e5 bli vuxen och st\u00e5 p\u00e5 egna ben  fast han \u00e4r yngst.<br \/>\nKanske \u00e4r det s\u00e5 att man b\u00f6rjar k\u00e4nna sig gammal n\u00e4r yngsten v\u00e4xer upp och blir mer och mer vuxen.<br \/>\nOch jag \u00e4r ju inte gammal,   eller . Nej det \u00e4r jag INTE:  \ud83d\ude42<\/p>\n<p>N\u00e4r jag bakade som b\u00e4st, fr\u00e5n k\u00f6ksf\u00f6nstet har jag utsikten mot v\u00e4xthust, ser jag att n\u00e5got r\u00f6r sig d\u00e4r inne. <\/p>\n<p>Tar kameran med och smyger ut.<\/p>\n<p>En s\u00e5n s\u00f6t liten<\/p>\n<p><a href='http:\/\/www.eva.sundstrom.st\/wp-content\/upload\/dsc00862.jpg' title='dsc00862.jpg'><img src='http:\/\/www.eva.sundstrom.st\/wp-content\/upload\/dsc00862.jpg' alt='dsc00862.jpg' \/><\/a><\/p>\n<p>Tur inte Mysan Katt l\u00e5g d\u00e4r inne just d\u00e5.<br \/>\nHan fl\u00f6g glatt ut n\u00e4r jag \u00f6ppnat hela d\u00f6rren.<\/p>\n<p>S\u00e5 avslutades baket med lite muffins.<\/p>\n<p><a href='http:\/\/www.eva.sundstrom.st\/wp-content\/upload\/dsc00870.jpg' title='dsc00870.jpg'><img src='http:\/\/www.eva.sundstrom.st\/wp-content\/upload\/dsc00870.jpg' alt='dsc00870.jpg' \/><\/a><\/p>\n<p>Det h\u00e4r reseptet \u00e4r igentligen till l\u00e5ngpanna men nu k\u00e4nde jag f\u00f6r muffins. Tycker man om mandelkubbar brukar dom h\u00e4r falla i smaken.<br \/>\nJ\u00e4ttegott  doppa ljummna i kall mj\u00f6lk&#8230;&#8230;&#8230;<\/p>\n<p>P\u00e5 stickorna har jag sjal argosy<\/p>\n<p><a href='http:\/\/www.eva.sundstrom.st\/wp-content\/upload\/dsc00842.jpg' title='dsc00842.jpg'><img src='http:\/\/www.eva.sundstrom.st\/wp-content\/upload\/dsc00842.jpg' alt='dsc00842.jpg' \/><\/a><\/p>\n<p>Var sv\u00e5rt att f\u00e5 en bra bild s\u00e5 m\u00f6nstret sytes. Hoppas det blir b\u00e4ttre d\u00e5 den \u00e4r klar.<br \/>\nSka \u00e4gna mig lite \u00e5t den nu i kv\u00e4ll.<br \/>\nM\u00e5 gott.<\/p>\n","protected":false},"excerpt":{"rendered":"<p>Och hush\u00e5llsarbete Det d\u00e4r med matlagnig syltning och saftning \u00e4r inte als min grej Nog kokade jag en del saft n\u00e4r barnen var sm\u00e5. Sylt gick ocks\u00e5 l\u00e4ttare d\u00e5. Nu m\u00e5ste jag verkligen ta tag i s\u00e5na saker om jag ska f\u00e5 det gjort. Baka tycker jag d\u00e4remot om att g\u00f6ra d\u00e5 och d\u00e5 Morgonen [&hellip;]<\/p>\n","protected":false},"author":1,"featured_media":0,"comment_status":"open","ping_status":"open","sticky":false,"template":"","format":"standard","meta":{"footnotes":""},"categories":[1],"tags":[],"class_list":["post-222","post","type-post","status-publish","format-standard","hentry","category-uncategorized"],"_links":{"self":[{"href":"https:\/\/eva.sundstrom.st\/index.php?rest_route=\/wp\/v2\/posts\/222","targetHints":{"allow":["GET"]}}],"collection":[{"href":"https:\/\/eva.sundstrom.st\/index.php?rest_route=\/wp\/v2\/posts"}],"about":[{"href":"https:\/\/eva.sundstrom.st\/index.php?rest_route=\/wp\/v2\/types\/post"}],"author":[{"embeddable":true,"href":"https:\/\/eva.sundstrom.st\/index.php?rest_route=\/wp\/v2\/users\/1"}],"replies":[{"embeddable":true,"href":"https:\/\/eva.sundstrom.st\/index.php?rest_route=%2Fwp%2Fv2%2Fcomments&post=222"}],"version-history":[{"count":0,"href":"https:\/\/eva.sundstrom.st\/index.php?rest_route=\/wp\/v2\/posts\/222\/revisions"}],"wp:attachment":[{"href":"https:\/\/eva.sundstrom.st\/index.php?rest_route=%2Fwp%2Fv2%2Fmedia&parent=222"}],"wp:term":[{"taxonomy":"category","embeddable":true,"href":"https:\/\/eva.sundstrom.st\/index.php?rest_route=%2Fwp%2Fv2%2Fcategories&post=222"},{"taxonomy":"post_tag","embeddable":true,"href":"https:\/\/eva.sundstrom.st\/index.php?rest_route=%2Fwp%2Fv2%2Ftags&post=222"}],"curies":[{"name":"wp","href":"https:\/\/api.w.org\/{rel}","templated":true}]}}