{"id":2220,"date":"2010-03-19T20:40:33","date_gmt":"2010-03-19T19:40:33","guid":{"rendered":"http:\/\/www.eva.sundstrom.st\/?p=2220"},"modified":"2010-03-19T21:05:46","modified_gmt":"2010-03-19T20:05:46","slug":"san%c2%b4t-ar-livet","status":"publish","type":"post","link":"https:\/\/eva.sundstrom.st\/?p=2220","title":{"rendered":"S\u00e5n\u00b4t \u00e4r livet"},"content":{"rendered":"<p>Har stickat klar en liten kofta. Garnet \u00e4r Kasper som jag k\u00f6pte n\u00e4r jag var till Vartofta garn p\u00e5 deras \u00f6ppethusdag i  h\u00f6sts. En  &#8221;halsv\u00e4rmare&#8221; blev det av garn som jag k\u00f6pte p\u00e5 2 KNIT n\u00e4r jag var i G\u00f6teborg.<br \/>\nEn till \u00e4r p\u00e5 G fast d\u00e5 i r\u00f6d nyans.<\/p>\n<p><img loading=\"lazy\" decoding=\"async\" src=\"http:\/\/www.eva.sundstrom.st\/wp-content\/upload\/dsc05939.jpg\" alt=\"dsc05939\" title=\"dsc05939\" width=\"460\" height=\"313\" class=\"aligncenter size-full wp-image-2223\" srcset=\"https:\/\/eva.sundstrom.st\/wp-content\/upload\/dsc05939.jpg 460w, https:\/\/eva.sundstrom.st\/wp-content\/upload\/dsc05939-300x204.jpg 300w\" sizes=\"auto, (max-width: 460px) 100vw, 460px\" \/><\/p>\n<p>I g\u00e5r var jag p\u00e5 stickcaf\u00e9 i <a href=\"http:\/\/www.garntorpet.se\/\">Garntorpet<\/a> och d\u00e5 gick det som det gick.<br \/>\nMed hem var lite mera garn och nu sitter jag h\u00e4r och b\u00f6rjar s\u00e5 sm\u00e5tt p\u00e5 en ny liten tr\u00f6ja. Satsar p\u00e5 storlek nio m\u00e5nader nu s\u00e5 f\u00e5r vi se om jag hinner f\u00e5 den klar i tid.<\/p>\n<p><img loading=\"lazy\" decoding=\"async\" src=\"http:\/\/www.eva.sundstrom.st\/wp-content\/upload\/dsc05944.jpg\" alt=\"dsc05944\" title=\"dsc05944\" width=\"460\" height=\"310\" class=\"aligncenter size-full wp-image-2224\" srcset=\"https:\/\/eva.sundstrom.st\/wp-content\/upload\/dsc05944.jpg 460w, https:\/\/eva.sundstrom.st\/wp-content\/upload\/dsc05944-300x202.jpg 300w\" sizes=\"auto, (max-width: 460px) 100vw, 460px\" \/><\/p>\n<p>\u00d6nskar er en bra helg.<br \/>\nH\u00e4r har det sm\u00e5regnat fr\u00e5n o till i dag och det t\u00e4r p\u00e5 sn\u00f6t\u00e4cket.<br \/>\nP\u00e5 datorn sjunger Ted G\u00e4rdestad  Sol vind och vatten.<\/p>\n<p>Ett litet till\u00e4gg.<br \/>\nT\u00e4nk om man kunde stilla sig lite innan man s\u00e4tter i g\u00e5ng.<br \/>\nTyckte det blev v\u00e4ldigt stort n\u00e4r jag lade upp maskorna.  S\u00e5 kollar jag en extra g\u00e5ng och uppt\u00e4cker att m\u00f6nstret \u00e4r f\u00f6r 3 (6) 9 \u00c5R och inte m\u00e5nader!!!!!!!!!!!<br \/>\nF\u00e5r nog se mig om efter ett annat m\u00f6nster!<\/p>\n","protected":false},"excerpt":{"rendered":"<p>Har stickat klar en liten kofta. Garnet \u00e4r Kasper som jag k\u00f6pte n\u00e4r jag var till Vartofta garn p\u00e5 deras \u00f6ppethusdag i h\u00f6sts. En &#8221;halsv\u00e4rmare&#8221; blev det av garn som jag k\u00f6pte p\u00e5 2 KNIT n\u00e4r jag var i G\u00f6teborg. En till \u00e4r p\u00e5 G fast d\u00e5 i r\u00f6d nyans. I g\u00e5r var jag p\u00e5 [&hellip;]<\/p>\n","protected":false},"author":1,"featured_media":0,"comment_status":"open","ping_status":"open","sticky":false,"template":"","format":"standard","meta":{"footnotes":""},"categories":[4,5,10],"tags":[],"class_list":["post-2220","post","type-post","status-publish","format-standard","hentry","category-allmant","category-fran-garnlagret","category-vader"],"_links":{"self":[{"href":"https:\/\/eva.sundstrom.st\/index.php?rest_route=\/wp\/v2\/posts\/2220","targetHints":{"allow":["GET"]}}],"collection":[{"href":"https:\/\/eva.sundstrom.st\/index.php?rest_route=\/wp\/v2\/posts"}],"about":[{"href":"https:\/\/eva.sundstrom.st\/index.php?rest_route=\/wp\/v2\/types\/post"}],"author":[{"embeddable":true,"href":"https:\/\/eva.sundstrom.st\/index.php?rest_route=\/wp\/v2\/users\/1"}],"replies":[{"embeddable":true,"href":"https:\/\/eva.sundstrom.st\/index.php?rest_route=%2Fwp%2Fv2%2Fcomments&post=2220"}],"version-history":[{"count":6,"href":"https:\/\/eva.sundstrom.st\/index.php?rest_route=\/wp\/v2\/posts\/2220\/revisions"}],"predecessor-version":[{"id":2227,"href":"https:\/\/eva.sundstrom.st\/index.php?rest_route=\/wp\/v2\/posts\/2220\/revisions\/2227"}],"wp:attachment":[{"href":"https:\/\/eva.sundstrom.st\/index.php?rest_route=%2Fwp%2Fv2%2Fmedia&parent=2220"}],"wp:term":[{"taxonomy":"category","embeddable":true,"href":"https:\/\/eva.sundstrom.st\/index.php?rest_route=%2Fwp%2Fv2%2Fcategories&post=2220"},{"taxonomy":"post_tag","embeddable":true,"href":"https:\/\/eva.sundstrom.st\/index.php?rest_route=%2Fwp%2Fv2%2Ftags&post=2220"}],"curies":[{"name":"wp","href":"https:\/\/api.w.org\/{rel}","templated":true}]}}