{"id":2229,"date":"2010-04-02T21:27:21","date_gmt":"2010-04-02T20:27:21","guid":{"rendered":"http:\/\/www.eva.sundstrom.st\/?p=2229"},"modified":"2010-04-02T21:27:21","modified_gmt":"2010-04-02T20:27:21","slug":"vart-tog-manaden-mars-vagen","status":"publish","type":"post","link":"https:\/\/eva.sundstrom.st\/?p=2229","title":{"rendered":"Vart tog m\u00e5naden Mars v\u00e4gen?"},"content":{"rendered":"<p>I en blinkning var hela mars till \u00e4nda.<br \/>\nVi sitter p\u00e5 jobbet och spelar bingo p\u00e5 aktiviteten och jag uppt\u00e4cker att det redan \u00e4r f\u00f6rsta april.<br \/>\nP\u00e5 em i g\u00e5r var det riktigt v\u00e5rv\u00e4der. I dag, l\u00e5ngfredag \u00e4r det riktigt aprilv\u00e4der.<br \/>\nEna stunden skiner solen och n\u00e4sta h\u00e4llregnar det.<br \/>\nS\u00e5 det \u00e4r inte mitt k\u00f6ksf\u00f6nster som \u00e4r s\u00e5 smutsig utan det \u00e4r regn.<\/p>\n<p><img loading=\"lazy\" decoding=\"async\" src=\"http:\/\/www.eva.sundstrom.st\/wp-content\/upload\/dsc05964.jpg\" alt=\"dsc05964\" title=\"dsc05964\" width=\"460\" height=\"345\" class=\"aligncenter size-full wp-image-2233\" srcset=\"https:\/\/eva.sundstrom.st\/wp-content\/upload\/dsc05964.jpg 460w, https:\/\/eva.sundstrom.st\/wp-content\/upload\/dsc05964-300x225.jpg 300w\" sizes=\"auto, (max-width: 460px) 100vw, 460px\" \/><\/p>\n<p>Blombilder fr\u00e5n mitt k\u00f6k.<br \/>\nEn gammal \u00f6vervintrad pelargon som sk\u00e4nker mig gl\u00e4dje \u00e4nnu ett \u00e5r.<\/p>\n<p>Kaktusen nedan hade jag riktigt r\u00e4knat ut men l\u00e4t den sitta kvar ett tag till och det var ju tur.<br \/>\nNu har den blommat med en blomma d\u00e5 och d\u00e5 sedan jul!<\/p>\n<p><img loading=\"lazy\" decoding=\"async\" src=\"http:\/\/www.eva.sundstrom.st\/wp-content\/upload\/dsc05965.jpg\" alt=\"dsc05965\" title=\"dsc05965\" width=\"460\" height=\"345\" class=\"aligncenter size-full wp-image-2234\" srcset=\"https:\/\/eva.sundstrom.st\/wp-content\/upload\/dsc05965.jpg 460w, https:\/\/eva.sundstrom.st\/wp-content\/upload\/dsc05965-300x225.jpg 300w\" sizes=\"auto, (max-width: 460px) 100vw, 460px\" \/><\/p>\n<p>Det finns en del h\u00e4ndig m\u00e4nniskor. D\u00e4rf\u00f6r kan jag h\u00e4r visa er mina fina p\u00e5skk\u00e4ringar. <\/p>\n<p><img loading=\"lazy\" decoding=\"async\" src=\"http:\/\/www.eva.sundstrom.st\/wp-content\/upload\/dsc05959.jpg\" alt=\"dsc05959\" title=\"dsc05959\" width=\"460\" height=\"345\" class=\"aligncenter size-full wp-image-2232\" srcset=\"https:\/\/eva.sundstrom.st\/wp-content\/upload\/dsc05959.jpg 460w, https:\/\/eva.sundstrom.st\/wp-content\/upload\/dsc05959-300x225.jpg 300w\" sizes=\"auto, (max-width: 460px) 100vw, 460px\" \/><\/p>\n<p>Jag tycker dom \u00e4r s\u00e5 fina. en v\u00e4n till mig har gjort dom. Hon h\u00f6r till den stab av firvilligarbetare, liksom v\u00e4ntj\u00e4nsten st\u00f6ttar upp mig mitt arbete f\u00f6r ut\u00f6kad social samvaro.<\/p>\n<p>Tack f\u00f6r att ni finns.<\/p>\n<p>Sista bilden blir ett bevis p\u00e5 att sn\u00f6n b\u00f6rjar ge med sig.<br \/>\nStenarna b\u00f6rjar komma fram p\u00e5 fallet.<\/p>\n<p><img loading=\"lazy\" decoding=\"async\" src=\"http:\/\/www.eva.sundstrom.st\/wp-content\/upload\/dsc05952.jpg\" alt=\"dsc05952\" title=\"dsc05952\" width=\"460\" height=\"290\" class=\"aligncenter size-full wp-image-2231\" srcset=\"https:\/\/eva.sundstrom.st\/wp-content\/upload\/dsc05952.jpg 460w, https:\/\/eva.sundstrom.st\/wp-content\/upload\/dsc05952-300x189.jpg 300w\" sizes=\"auto, (max-width: 460px) 100vw, 460px\" \/><\/p>\n<p>Det var h\u00e4r <a href=\"http:\/\/www.eva.sundstrom.st\/?p=2182\">\u00e4lgarna<\/a> k\u00e4mpade sig fram i djupa sn\u00f6n f\u00f6r en m\u00e5nad sedan.<\/p>\n<p>\u00d6nskar er en fin och lugn p\u00e5sk.<\/p>\n","protected":false},"excerpt":{"rendered":"<p>I en blinkning var hela mars till \u00e4nda. Vi sitter p\u00e5 jobbet och spelar bingo p\u00e5 aktiviteten och jag uppt\u00e4cker att det redan \u00e4r f\u00f6rsta april. P\u00e5 em i g\u00e5r var det riktigt v\u00e5rv\u00e4der. I dag, l\u00e5ngfredag \u00e4r det riktigt aprilv\u00e4der. Ena stunden skiner solen och n\u00e4sta h\u00e4llregnar det. S\u00e5 det \u00e4r inte mitt k\u00f6ksf\u00f6nster [&hellip;]<\/p>\n","protected":false},"author":1,"featured_media":0,"comment_status":"open","ping_status":"open","sticky":false,"template":"","format":"standard","meta":{"footnotes":""},"categories":[4,9,10],"tags":[],"class_list":["post-2229","post","type-post","status-publish","format-standard","hentry","category-allmant","category-livet","category-vader"],"_links":{"self":[{"href":"https:\/\/eva.sundstrom.st\/index.php?rest_route=\/wp\/v2\/posts\/2229","targetHints":{"allow":["GET"]}}],"collection":[{"href":"https:\/\/eva.sundstrom.st\/index.php?rest_route=\/wp\/v2\/posts"}],"about":[{"href":"https:\/\/eva.sundstrom.st\/index.php?rest_route=\/wp\/v2\/types\/post"}],"author":[{"embeddable":true,"href":"https:\/\/eva.sundstrom.st\/index.php?rest_route=\/wp\/v2\/users\/1"}],"replies":[{"embeddable":true,"href":"https:\/\/eva.sundstrom.st\/index.php?rest_route=%2Fwp%2Fv2%2Fcomments&post=2229"}],"version-history":[{"count":10,"href":"https:\/\/eva.sundstrom.st\/index.php?rest_route=\/wp\/v2\/posts\/2229\/revisions"}],"predecessor-version":[{"id":2243,"href":"https:\/\/eva.sundstrom.st\/index.php?rest_route=\/wp\/v2\/posts\/2229\/revisions\/2243"}],"wp:attachment":[{"href":"https:\/\/eva.sundstrom.st\/index.php?rest_route=%2Fwp%2Fv2%2Fmedia&parent=2229"}],"wp:term":[{"taxonomy":"category","embeddable":true,"href":"https:\/\/eva.sundstrom.st\/index.php?rest_route=%2Fwp%2Fv2%2Fcategories&post=2229"},{"taxonomy":"post_tag","embeddable":true,"href":"https:\/\/eva.sundstrom.st\/index.php?rest_route=%2Fwp%2Fv2%2Ftags&post=2229"}],"curies":[{"name":"wp","href":"https:\/\/api.w.org\/{rel}","templated":true}]}}