{"id":2246,"date":"2010-04-18T09:36:58","date_gmt":"2010-04-18T08:36:58","guid":{"rendered":"http:\/\/www.eva.sundstrom.st\/?p=2246"},"modified":"2010-04-18T09:36:58","modified_gmt":"2010-04-18T08:36:58","slug":"blandat-innehall","status":"publish","type":"post","link":"https:\/\/eva.sundstrom.st\/?p=2246","title":{"rendered":"Blandat inneh\u00e5ll"},"content":{"rendered":"<p>Jag gjorde det.<\/p>\n<p>Det bl\u00e5ste kallt i g\u00e5r och solen var bara framme korta stunder.<br \/>\nHade t\u00e4nkt g\u00e5 ut och g\u00f6ra n\u00e5got i tr\u00e4dg\u00e5rden men lusten var inte s\u00e5 j\u00e4ttestor.<br \/>\nTill slut gjorde jag ett ryck och nu \u00e4r en rabatt v\u00e5rst\u00e4dad.<\/p>\n<p><img loading=\"lazy\" decoding=\"async\" src=\"http:\/\/www.eva.sundstrom.st\/wp-content\/upload\/dsc06040.jpg\" alt=\"dsc06040\" title=\"dsc06040\" width=\"369\" height=\"276\" class=\"aligncenter size-full wp-image-2247\" srcset=\"https:\/\/eva.sundstrom.st\/wp-content\/upload\/dsc06040.jpg 369w, https:\/\/eva.sundstrom.st\/wp-content\/upload\/dsc06040-300x224.jpg 300w\" sizes=\"auto, (max-width: 369px) 100vw, 369px\" \/><\/p>\n<p>H\u00e4r \u00e4r bergkn\u00e4an, tre olika veronika och sm\u00e5l\u00e4nsk v\u00e5rkrage p\u00e5 G. Ett par s\u00e4ckar ny jord har den ocks\u00e5 f\u00e5tt s\u00e5 det mesta som redan kommit upp syns inte l\u00e4ngre.  <\/p>\n<p>En liten rabatt med minip\u00e5skliljor lyser fint i skogskanten<\/p>\n<p><img loading=\"lazy\" decoding=\"async\" src=\"http:\/\/www.eva.sundstrom.st\/wp-content\/upload\/dsc06041.jpg\" alt=\"dsc06041\" title=\"dsc06041\" width=\"369\" height=\"276\" class=\"aligncenter size-full wp-image-2248\" srcset=\"https:\/\/eva.sundstrom.st\/wp-content\/upload\/dsc06041.jpg 369w, https:\/\/eva.sundstrom.st\/wp-content\/upload\/dsc06041-300x224.jpg 300w\" sizes=\"auto, (max-width: 369px) 100vw, 369px\" \/><\/p>\n<p>Inspirerad av &#8221;dotra&#8221;  mi  och en handarbetscaf\u00e9 v\u00e4n plockade jag fram restgarn av vartofta raggi och h\u00e4r \u00e4r resultatet<\/p>\n<p><img loading=\"lazy\" decoding=\"async\" src=\"http:\/\/www.eva.sundstrom.st\/wp-content\/upload\/dsc06044.jpg\" alt=\"dsc06044\" title=\"dsc06044\" width=\"369\" height=\"276\" class=\"aligncenter size-full wp-image-2249\" srcset=\"https:\/\/eva.sundstrom.st\/wp-content\/upload\/dsc06044.jpg 369w, https:\/\/eva.sundstrom.st\/wp-content\/upload\/dsc06044-300x224.jpg 300w\" sizes=\"auto, (max-width: 369px) 100vw, 369px\" \/><\/p>\n<p>Inte det allra vackraste och inte s\u00e5 stor men mjuk och varm \u00e4r den<\/p>\n<p><img loading=\"lazy\" decoding=\"async\" src=\"http:\/\/www.eva.sundstrom.st\/wp-content\/upload\/dsc06047.jpg\" alt=\"dsc06047\" title=\"dsc06047\" width=\"369\" height=\"276\" class=\"aligncenter size-full wp-image-2250\" srcset=\"https:\/\/eva.sundstrom.st\/wp-content\/upload\/dsc06047.jpg 369w, https:\/\/eva.sundstrom.st\/wp-content\/upload\/dsc06047-300x224.jpg 300w\" sizes=\"auto, (max-width: 369px) 100vw, 369px\" \/><\/p>\n<p>Aprils blomma Kommer lite tidigt, men den blommar nu och kanske jag inte hittar n\u00e5got l\u00e4mpligt den sist i m\u00e5naden. <\/p>\n<p><img loading=\"lazy\" decoding=\"async\" src=\"http:\/\/www.eva.sundstrom.st\/wp-content\/upload\/dsc06050.jpg\" alt=\"dsc06050\" title=\"dsc06050\" width=\"369\" height=\"276\" class=\"aligncenter size-full wp-image-2251\" srcset=\"https:\/\/eva.sundstrom.st\/wp-content\/upload\/dsc06050.jpg 369w, https:\/\/eva.sundstrom.st\/wp-content\/upload\/dsc06050-300x224.jpg 300w\" sizes=\"auto, (max-width: 369px) 100vw, 369px\" \/><\/p>\n<p>Kunde vara roligt h\u00f6ra hur m\u00e5nga som ser vilken blomma det \u00e4r.<br \/>\nBara en enkel bildg\u00e5ta och ingen t\u00e4vling eller priser.<\/p>\n<p>Ha det gott go v\u00e4nner i dag lyser solen<\/p>\n","protected":false},"excerpt":{"rendered":"<p>Jag gjorde det. Det bl\u00e5ste kallt i g\u00e5r och solen var bara framme korta stunder. Hade t\u00e4nkt g\u00e5 ut och g\u00f6ra n\u00e5got i tr\u00e4dg\u00e5rden men lusten var inte s\u00e5 j\u00e4ttestor. Till slut gjorde jag ett ryck och nu \u00e4r en rabatt v\u00e5rst\u00e4dad. H\u00e4r \u00e4r bergkn\u00e4an, tre olika veronika och sm\u00e5l\u00e4nsk v\u00e5rkrage p\u00e5 G. Ett par [&hellip;]<\/p>\n","protected":false},"author":1,"featured_media":0,"comment_status":"open","ping_status":"open","sticky":false,"template":"","format":"standard","meta":{"footnotes":""},"categories":[4,5],"tags":[],"class_list":["post-2246","post","type-post","status-publish","format-standard","hentry","category-allmant","category-fran-garnlagret"],"_links":{"self":[{"href":"https:\/\/eva.sundstrom.st\/index.php?rest_route=\/wp\/v2\/posts\/2246","targetHints":{"allow":["GET"]}}],"collection":[{"href":"https:\/\/eva.sundstrom.st\/index.php?rest_route=\/wp\/v2\/posts"}],"about":[{"href":"https:\/\/eva.sundstrom.st\/index.php?rest_route=\/wp\/v2\/types\/post"}],"author":[{"embeddable":true,"href":"https:\/\/eva.sundstrom.st\/index.php?rest_route=\/wp\/v2\/users\/1"}],"replies":[{"embeddable":true,"href":"https:\/\/eva.sundstrom.st\/index.php?rest_route=%2Fwp%2Fv2%2Fcomments&post=2246"}],"version-history":[{"count":4,"href":"https:\/\/eva.sundstrom.st\/index.php?rest_route=\/wp\/v2\/posts\/2246\/revisions"}],"predecessor-version":[{"id":2255,"href":"https:\/\/eva.sundstrom.st\/index.php?rest_route=\/wp\/v2\/posts\/2246\/revisions\/2255"}],"wp:attachment":[{"href":"https:\/\/eva.sundstrom.st\/index.php?rest_route=%2Fwp%2Fv2%2Fmedia&parent=2246"}],"wp:term":[{"taxonomy":"category","embeddable":true,"href":"https:\/\/eva.sundstrom.st\/index.php?rest_route=%2Fwp%2Fv2%2Fcategories&post=2246"},{"taxonomy":"post_tag","embeddable":true,"href":"https:\/\/eva.sundstrom.st\/index.php?rest_route=%2Fwp%2Fv2%2Ftags&post=2246"}],"curies":[{"name":"wp","href":"https:\/\/api.w.org\/{rel}","templated":true}]}}