{"id":228,"date":"2007-08-10T16:37:05","date_gmt":"2007-08-10T15:37:05","guid":{"rendered":"http:\/\/www.eva.sundstrom.st\/?p=228"},"modified":"2007-08-10T16:37:42","modified_gmt":"2007-08-10T15:37:42","slug":"tidens-gang","status":"publish","type":"post","link":"https:\/\/eva.sundstrom.st\/?p=228","title":{"rendered":"Tidens g"},"content":{"rendered":"<p> Med anknytning till g\u00e5rdagens inl\u00e4gg och svar p\u00e5 kommentar.<\/p>\n<p>Det \u00e4r v\u00e4ll lite s\u00e5 att som mamma vill man k\u00e4nna sig beh\u00f6vd.<br \/>\nDet g\u00f6r man ju inte lika mycke n\u00e4r barnen klarar sig mer och mer sj\u00e4lva.<\/p>\n<p>\u00c5 andra sidan skulle jag k\u00e4nna mig misslyckad som mamma om dom inte v\u00e4xte upp till sj\u00e4lvst\u00e4ndiga individer.<br \/>\nVill ju ge dom en trygg uppv\u00e4xt s\u00e5 att det blir trygga menniskor som st\u00e5r  med b\u00e5da f\u00f6tterna p\u00e5 jorden. <\/p>\n<p>D\u00e5 k\u00e4nns det ocks\u00e5 som att man som mamma f\u00e5r  en annan roll n\u00e4r dom \u00e4r vuxna. <\/p>\n<p>Det m\u00e5ste v\u00e4ll \u00e4nd\u00e5 vara meningen att det ska vara s\u00e5.<\/p>\n<p>Sedan kan det ju finnas undantag d\u00e4r man kanske m\u00e5ste vara &#8221;sm\u00e5barnsamma&#8221; hela livet men d\u00e5 berordet nog mest p\u00e5 omst\u00e4ndigheter som vi inte r\u00e5r p\u00e5.<br \/>\nDet livet \u00e4r med all s\u00e4kerhet lika mycke v\u00e4rt.<\/p>\n<p>Vi kan, som v\u00e4l \u00e4r, inte se in i framtiden<\/p>\n<p><a href='http:\/\/www.eva.sundstrom.st\/wp-content\/upload\/dsc00286.jpg' title='dsc00286.jpg'><img src='http:\/\/www.eva.sundstrom.st\/wp-content\/upload\/dsc00286.jpg' alt='dsc00286.jpg' \/><\/a><\/p>\n<p>Bara v\u00e4nta och se. Gl\u00e4djas \u00e5t det vi har i dag.<\/p>\n<p>Lev v\u00e4l och m\u00e5 gott.<\/p>\n","protected":false},"excerpt":{"rendered":"<p>Med anknytning till g\u00e5rdagens inl\u00e4gg och svar p\u00e5 kommentar. Det \u00e4r v\u00e4ll lite s\u00e5 att som mamma vill man k\u00e4nna sig beh\u00f6vd. Det g\u00f6r man ju inte lika mycke n\u00e4r barnen klarar sig mer och mer sj\u00e4lva. \u00c5 andra sidan skulle jag k\u00e4nna mig misslyckad som mamma om dom inte v\u00e4xte upp till sj\u00e4lvst\u00e4ndiga individer. [&hellip;]<\/p>\n","protected":false},"author":1,"featured_media":0,"comment_status":"open","ping_status":"open","sticky":false,"template":"","format":"standard","meta":{"footnotes":""},"categories":[1],"tags":[],"class_list":["post-228","post","type-post","status-publish","format-standard","hentry","category-uncategorized"],"_links":{"self":[{"href":"https:\/\/eva.sundstrom.st\/index.php?rest_route=\/wp\/v2\/posts\/228","targetHints":{"allow":["GET"]}}],"collection":[{"href":"https:\/\/eva.sundstrom.st\/index.php?rest_route=\/wp\/v2\/posts"}],"about":[{"href":"https:\/\/eva.sundstrom.st\/index.php?rest_route=\/wp\/v2\/types\/post"}],"author":[{"embeddable":true,"href":"https:\/\/eva.sundstrom.st\/index.php?rest_route=\/wp\/v2\/users\/1"}],"replies":[{"embeddable":true,"href":"https:\/\/eva.sundstrom.st\/index.php?rest_route=%2Fwp%2Fv2%2Fcomments&post=228"}],"version-history":[{"count":0,"href":"https:\/\/eva.sundstrom.st\/index.php?rest_route=\/wp\/v2\/posts\/228\/revisions"}],"wp:attachment":[{"href":"https:\/\/eva.sundstrom.st\/index.php?rest_route=%2Fwp%2Fv2%2Fmedia&parent=228"}],"wp:term":[{"taxonomy":"category","embeddable":true,"href":"https:\/\/eva.sundstrom.st\/index.php?rest_route=%2Fwp%2Fv2%2Fcategories&post=228"},{"taxonomy":"post_tag","embeddable":true,"href":"https:\/\/eva.sundstrom.st\/index.php?rest_route=%2Fwp%2Fv2%2Ftags&post=228"}],"curies":[{"name":"wp","href":"https:\/\/api.w.org\/{rel}","templated":true}]}}