{"id":2281,"date":"2010-05-03T20:24:50","date_gmt":"2010-05-03T19:24:50","guid":{"rendered":"http:\/\/www.eva.sundstrom.st\/?p=2281"},"modified":"2010-05-04T20:38:44","modified_gmt":"2010-05-04T19:38:44","slug":"en-underbar-andra-maj","status":"publish","type":"post","link":"https:\/\/eva.sundstrom.st\/?p=2281","title":{"rendered":"En underbar andra Maj"},"content":{"rendered":"<p>I torsdags eftermiddag tog jag bilen och k\u00f6rde ner till Skillingaryd.<br \/>\nHela helgen fick jag umg\u00e5s med dotter och gossa med lilleman.<\/p>\n<p>Efter en sm\u00e5tr\u00e5kig, vad v\u00e4dret betr\u00e4ffar, valborg och f\u00f6rsta maj vaknade vi till en helt underbar s\u00f6ndag.<br \/>\nTill kyrkklockors klang och f\u00e5gels\u00e5ng tog vi en f\u00f6rmiddagspromenad i det h\u00e4rliga solskenet.<\/p>\n<p><img loading=\"lazy\" decoding=\"async\" src=\"http:\/\/www.eva.sundstrom.st\/wp-content\/upload\/dsc06157.jpg\" alt=\"dsc06157\" title=\"dsc06157\" width=\"369\" height=\"276\" class=\"aligncenter size-full wp-image-2286\" srcset=\"https:\/\/eva.sundstrom.st\/wp-content\/upload\/dsc06157.jpg 369w, https:\/\/eva.sundstrom.st\/wp-content\/upload\/dsc06157-300x224.jpg 300w\" sizes=\"auto, (max-width: 369px) 100vw, 369px\" \/><\/p>\n<p>Billyvovven var med s\u00e5 klart.<br \/>\nTr\u00e4nar h\u00e4r p\u00e5 att sitta och v\u00e4nta.<\/p>\n<p><img loading=\"lazy\" decoding=\"async\" src=\"http:\/\/www.eva.sundstrom.st\/wp-content\/upload\/dsc06159.jpg\" alt=\"dsc06159\" title=\"dsc06159\" width=\"372\" height=\"248\" class=\"aligncenter size-full wp-image-2285\" srcset=\"https:\/\/eva.sundstrom.st\/wp-content\/upload\/dsc06159.jpg 372w, https:\/\/eva.sundstrom.st\/wp-content\/upload\/dsc06159-300x200.jpg 300w\" sizes=\"auto, (max-width: 372px) 100vw, 372px\" \/><\/p>\n<p>F\u00f6ljande tv\u00e5 bilder \u00e4r fr\u00e5n Skillingaryds f\u00e5rhage.<br \/>\nDen var \u00f6vers\u00e5llad med vitsippor. Bara s\u00e5 sv\u00e5rt att f\u00e5nga det p\u00e5 bild men ni f\u00e5r  f\u00f6rs\u00f6ka t\u00e4nka er hur det s\u00e5g ut.<\/p>\n<p><img loading=\"lazy\" decoding=\"async\" src=\"http:\/\/www.eva.sundstrom.st\/wp-content\/upload\/dsc06153.jpg\" alt=\"dsc06153\" title=\"dsc06153\" width=\"369\" height=\"276\" class=\"aligncenter size-full wp-image-2287\" srcset=\"https:\/\/eva.sundstrom.st\/wp-content\/upload\/dsc06153.jpg 369w, https:\/\/eva.sundstrom.st\/wp-content\/upload\/dsc06153-300x224.jpg 300w\" sizes=\"auto, (max-width: 369px) 100vw, 369px\" \/><\/p>\n<p><img loading=\"lazy\" decoding=\"async\" src=\"http:\/\/www.eva.sundstrom.st\/wp-content\/upload\/dsc06167.jpg\" alt=\"dsc06167\" title=\"dsc06167\" width=\"369\" height=\"276\" class=\"aligncenter size-full wp-image-2284\" srcset=\"https:\/\/eva.sundstrom.st\/wp-content\/upload\/dsc06167.jpg 369w, https:\/\/eva.sundstrom.st\/wp-content\/upload\/dsc06167-300x224.jpg 300w\" sizes=\"auto, (max-width: 369px) 100vw, 369px\" \/><\/p>\n<p>Det var s\u00e5 vackert. N\u00e4r vi kom hem blev det kaffe utanf\u00f6r husv\u00e4ggen. D\u00e4r var det s\u00e5 varmt och gott.<\/p>\n<p>N\u00e4r jag kom hem hade det slagit ut tv\u00e5 nya blommor p\u00e5  min Nerium<\/p>\n<p><img loading=\"lazy\" decoding=\"async\" src=\"http:\/\/www.eva.sundstrom.st\/wp-content\/upload\/dsc06173.jpg\" alt=\"dsc06173\" title=\"dsc06173\" width=\"368\" height=\"300\" class=\"aligncenter size-full wp-image-2288\" srcset=\"https:\/\/eva.sundstrom.st\/wp-content\/upload\/dsc06173.jpg 368w, https:\/\/eva.sundstrom.st\/wp-content\/upload\/dsc06173-300x244.jpg 300w\" sizes=\"auto, (max-width: 368px) 100vw, 368px\" \/><\/p>\n<p>Klarade inte av att f\u00e5 med mer \u00e4n en.<br \/>\nI dag har jag haft en semesterdag och p\u00e5tat i tr\u00e4dg\u00e5rden. H\u00e4rligt v\u00e4der i dag ocks\u00e5.<br \/>\nTisdag \u00e4r aktivitetsdag p\u00e5 jobbet. Vi har gjort decoupage p\u00e5 tallrikar och i morgon ska vi m\u00e5la baksidan.<\/p>\n<p>Ha det gott go v\u00e4nner och stressa inte bort v\u00e5ren.<br \/>\nDen \u00e4r alldeles f\u00f6r kort.<\/p>\n","protected":false},"excerpt":{"rendered":"<p>I torsdags eftermiddag tog jag bilen och k\u00f6rde ner till Skillingaryd. Hela helgen fick jag umg\u00e5s med dotter och gossa med lilleman. Efter en sm\u00e5tr\u00e5kig, vad v\u00e4dret betr\u00e4ffar, valborg och f\u00f6rsta maj vaknade vi till en helt underbar s\u00f6ndag. Till kyrkklockors klang och f\u00e5gels\u00e5ng tog vi en f\u00f6rmiddagspromenad i det h\u00e4rliga solskenet. Billyvovven var med [&hellip;]<\/p>\n","protected":false},"author":1,"featured_media":0,"comment_status":"open","ping_status":"open","sticky":false,"template":"","format":"standard","meta":{"footnotes":""},"categories":[4,9],"tags":[],"class_list":["post-2281","post","type-post","status-publish","format-standard","hentry","category-allmant","category-livet"],"_links":{"self":[{"href":"https:\/\/eva.sundstrom.st\/index.php?rest_route=\/wp\/v2\/posts\/2281","targetHints":{"allow":["GET"]}}],"collection":[{"href":"https:\/\/eva.sundstrom.st\/index.php?rest_route=\/wp\/v2\/posts"}],"about":[{"href":"https:\/\/eva.sundstrom.st\/index.php?rest_route=\/wp\/v2\/types\/post"}],"author":[{"embeddable":true,"href":"https:\/\/eva.sundstrom.st\/index.php?rest_route=\/wp\/v2\/users\/1"}],"replies":[{"embeddable":true,"href":"https:\/\/eva.sundstrom.st\/index.php?rest_route=%2Fwp%2Fv2%2Fcomments&post=2281"}],"version-history":[{"count":7,"href":"https:\/\/eva.sundstrom.st\/index.php?rest_route=\/wp\/v2\/posts\/2281\/revisions"}],"predecessor-version":[{"id":2293,"href":"https:\/\/eva.sundstrom.st\/index.php?rest_route=\/wp\/v2\/posts\/2281\/revisions\/2293"}],"wp:attachment":[{"href":"https:\/\/eva.sundstrom.st\/index.php?rest_route=%2Fwp%2Fv2%2Fmedia&parent=2281"}],"wp:term":[{"taxonomy":"category","embeddable":true,"href":"https:\/\/eva.sundstrom.st\/index.php?rest_route=%2Fwp%2Fv2%2Fcategories&post=2281"},{"taxonomy":"post_tag","embeddable":true,"href":"https:\/\/eva.sundstrom.st\/index.php?rest_route=%2Fwp%2Fv2%2Ftags&post=2281"}],"curies":[{"name":"wp","href":"https:\/\/api.w.org\/{rel}","templated":true}]}}