{"id":2298,"date":"2010-05-13T07:06:20","date_gmt":"2010-05-13T06:06:20","guid":{"rendered":"http:\/\/www.eva.sundstrom.st\/?p=2298"},"modified":"2010-05-13T07:15:39","modified_gmt":"2010-05-13T06:15:39","slug":"sa-ar-det","status":"publish","type":"post","link":"https:\/\/eva.sundstrom.st\/?p=2298","title":{"rendered":"S\u00e5 \u00e4r det."},"content":{"rendered":"<p>Visst, fr\u00e5n och till vet jag mer \u00e4n v\u00e4l var kroppsdelen kn\u00e4 sitter, p\u00e5 grund av att den g\u00f6r ont.<br \/>\nRygg och axlar ger sig ocks\u00e5 till k\u00e4nna som dom behagar. Jag blir fortfarande j\u00e4ttetr\u00f6tt av en dag p\u00e5 jobbet. Nu inte av den stress som var f\u00f6rut men p\u00e5 grund av att jag fortfarande m\u00e5ste jobba med mig sj\u00e4lv. Stressen \u00e4r s\u00e5 djupt rotad att min hj\u00e4rna fortfarande tror att vi m\u00e5ste skynda p\u00e5. D\u00e5 g\u00e4ller det att ta n\u00e5gra djupa andetag och varva ner.<br \/>\nTr\u00e4dg\u00e5rdsarbetet k\u00e4nns inte lika roligt l\u00e4ngre d\u00e4rf\u00f6r att kroppen inte orkar med att gr\u00e4va lika mycket och fort som tanken vill. D\u00e4r har jag mycket kvar att l\u00e4ra.<br \/>\nVad \u00e4r det d\u00e5 som driver mig fram\u00e5t?<br \/>\nVad \u00e4r det som g\u00f6r att jag \u00e4nd\u00e5 g\u00e5r vidare?<br \/>\nOrkar ta tag i en liten bit i taget och kl\u00e4ttra upp\u00e5t i st\u00e4llet f\u00f6r att sitta fast och sjunka ner i dyn?<br \/>\nJo, jag har uppt\u00e4ckt vikten av v\u00e4nner, utanf\u00f6r familjen, att se sm\u00e5 saker.<br \/>\nTill\u00e5ter mig att se att det finns saker jag kan. Inte som proffs men \u00e4nd\u00e5 kan.<br \/>\nD\u00e5 och d\u00e5 s\u00e4ger n\u00e5gon att  det var roligt f\u00e5 en pratstund med mig.<br \/>\nDet finns s\u00e5 o\u00e4ndligt m\u00e5nga sm\u00e5 m\u00e5brainjektioner om vi bara l\u00e4r oss att hitta r\u00e4tt. Dom flesta \u00e4r helt gratis.<\/p>\n<p>Jag k\u00e4nner det helt klart nu. Det slog ner som en blixt fr\u00e5n klar himmel i g\u00e5r kv\u00e4ll och jag blev helt varm och somnade s\u00e5 gott.<\/p>\n<p>Jag \u00e4r helt enkelt i grunden  LYCKLIG.<br \/>\nOch jag till\u00e5ter mig att erk\u00e4nna det.<\/p>\n<p>Har nog alltid varit det. Bara inte sett det p\u00e5 r\u00e4tt s\u00e4tt. Det \u00e4r s\u00e5 l\u00e4tt till\u00e5ta andra att trampa ner en. Jantelagen s\u00e4ger ju att jag ingenting kan. G\u00f6r jag s\u00e5 gott jag kan s\u00e5 duger det.<\/p>\n<p>Lev v\u00e4l och m\u00e5 gott. \u00d6nskar er alla en riktigt bra dag trots det ruggiga v\u00e4dret.<\/p>\n","protected":false},"excerpt":{"rendered":"<p>Visst, fr\u00e5n och till vet jag mer \u00e4n v\u00e4l var kroppsdelen kn\u00e4 sitter, p\u00e5 grund av att den g\u00f6r ont. Rygg och axlar ger sig ocks\u00e5 till k\u00e4nna som dom behagar. Jag blir fortfarande j\u00e4ttetr\u00f6tt av en dag p\u00e5 jobbet. Nu inte av den stress som var f\u00f6rut men p\u00e5 grund av att jag fortfarande [&hellip;]<\/p>\n","protected":false},"author":1,"featured_media":0,"comment_status":"open","ping_status":"open","sticky":false,"template":"","format":"standard","meta":{"footnotes":""},"categories":[9],"tags":[],"class_list":["post-2298","post","type-post","status-publish","format-standard","hentry","category-livet"],"_links":{"self":[{"href":"https:\/\/eva.sundstrom.st\/index.php?rest_route=\/wp\/v2\/posts\/2298","targetHints":{"allow":["GET"]}}],"collection":[{"href":"https:\/\/eva.sundstrom.st\/index.php?rest_route=\/wp\/v2\/posts"}],"about":[{"href":"https:\/\/eva.sundstrom.st\/index.php?rest_route=\/wp\/v2\/types\/post"}],"author":[{"embeddable":true,"href":"https:\/\/eva.sundstrom.st\/index.php?rest_route=\/wp\/v2\/users\/1"}],"replies":[{"embeddable":true,"href":"https:\/\/eva.sundstrom.st\/index.php?rest_route=%2Fwp%2Fv2%2Fcomments&post=2298"}],"version-history":[{"count":4,"href":"https:\/\/eva.sundstrom.st\/index.php?rest_route=\/wp\/v2\/posts\/2298\/revisions"}],"predecessor-version":[{"id":2301,"href":"https:\/\/eva.sundstrom.st\/index.php?rest_route=\/wp\/v2\/posts\/2298\/revisions\/2301"}],"wp:attachment":[{"href":"https:\/\/eva.sundstrom.st\/index.php?rest_route=%2Fwp%2Fv2%2Fmedia&parent=2298"}],"wp:term":[{"taxonomy":"category","embeddable":true,"href":"https:\/\/eva.sundstrom.st\/index.php?rest_route=%2Fwp%2Fv2%2Fcategories&post=2298"},{"taxonomy":"post_tag","embeddable":true,"href":"https:\/\/eva.sundstrom.st\/index.php?rest_route=%2Fwp%2Fv2%2Ftags&post=2298"}],"curies":[{"name":"wp","href":"https:\/\/api.w.org\/{rel}","templated":true}]}}