{"id":23,"date":"2007-05-27T19:02:25","date_gmt":"2007-05-27T18:02:25","guid":{"rendered":"http:\/\/www.eva.sundstrom.st\/?p=23"},"modified":"2007-05-27T19:02:27","modified_gmt":"2007-05-27T18:02:27","slug":"en","status":"publish","type":"post","link":"https:\/\/eva.sundstrom.st\/?p=23","title":{"rendered":"En"},"content":{"rendered":"<p>s\u00f6ndag som kallas mors dag. Ja, nog finns det m\u00e5nga mammor som borde hedras extra en s\u00e5n dag.<br \/>\nJag k\u00e4nner mig hedrad fast jag bara \u00e4r en &#8221;vanlig&#8221; mamma. En mamma som f\u00e5tt fyra friska barn. Barn som inte haft n\u00e5gra st\u00f6rre problem.<br \/>\nDagen b\u00f6rjade med kaffe p\u00e5 s\u00e4ngen som den \u00e4kta h\u00e4lften bj\u00f6d p\u00e5.<br \/>\nSedan var det konfirmation I Finner\u00f6dja kyrka. \u00c4r sedan n\u00e5gra \u00e5r tillbaka med som kyrkv\u00e4rd och idag var det en ren gl\u00e4dje.<br \/>\nKyrkan s\u00e5 gott som full med glada menniskor och 13 fina konfrimander. Ute var det vackert f\u00f6rsommar v\u00e4der. Kan det bli b\u00e4ttre?<br \/>\nP\u00e5 em. \u00e5kte vi till Karlskoga d\u00e4r vi m\u00f6tte \u00e4lste sonen och \u00e5t en bit mat tillsammans.<br \/>\nUnder resans g\u00e5ng stickade jag en strumpa.<br \/>\nT\u00e4nkte g\u00f6ra klart tossorn i g\u00e5r och s\u00e5 r\u00e4ckte inte garnet.grrr. och p\u00e4lsgarnet som jag visste,vet, att jag har \u00e4r puts v\u00e4ck. Undrar om vi har m\u00f6ss???? kan s\u00e5nna f\u00f6resten \u00e4ta upp ett helt nystan? Nu v\u00e4ntar jag besked fr\u00e5n Tittis Bod. <\/p>\n<p>Min fina m\u00f6rka bladv\u00e4xt visar sig blomma, vilken \u00f6veraskning. Den heter Ipomoea batat.<br \/>\nDen har flikiga blad och rosa klocklika blmmor. N\u00e5gon som k\u00e4nner till den och vet om den kan bli stor?<br \/>\nMellan sonen var hemma ett par dagar i veckan och v\u00e4xthusbygget tog ett skutt framm\u00e5t.<br \/>\n\u00c5terkommer mer om detta tilltag.<br \/>\nMycke jobb i veckan som slutar med ett tandl\u00e4karbes\u00f6k p\u00e5 fredag. Har ingen tandl\u00e4karskr\u00e4ck men det \u00e4r inte trevlig.<br \/>\nVi h\u00f6rs. <\/p>\n","protected":false},"excerpt":{"rendered":"<p>s\u00f6ndag som kallas mors dag. Ja, nog finns det m\u00e5nga mammor som borde hedras extra en s\u00e5n dag. Jag k\u00e4nner mig hedrad fast jag bara \u00e4r en &#8221;vanlig&#8221; mamma. En mamma som f\u00e5tt fyra friska barn. Barn som inte haft n\u00e5gra st\u00f6rre problem. Dagen b\u00f6rjade med kaffe p\u00e5 s\u00e4ngen som den \u00e4kta h\u00e4lften bj\u00f6d p\u00e5. [&hellip;]<\/p>\n","protected":false},"author":1,"featured_media":0,"comment_status":"open","ping_status":"open","sticky":false,"template":"","format":"standard","meta":{"footnotes":""},"categories":[1],"tags":[],"class_list":["post-23","post","type-post","status-publish","format-standard","hentry","category-uncategorized"],"_links":{"self":[{"href":"https:\/\/eva.sundstrom.st\/index.php?rest_route=\/wp\/v2\/posts\/23","targetHints":{"allow":["GET"]}}],"collection":[{"href":"https:\/\/eva.sundstrom.st\/index.php?rest_route=\/wp\/v2\/posts"}],"about":[{"href":"https:\/\/eva.sundstrom.st\/index.php?rest_route=\/wp\/v2\/types\/post"}],"author":[{"embeddable":true,"href":"https:\/\/eva.sundstrom.st\/index.php?rest_route=\/wp\/v2\/users\/1"}],"replies":[{"embeddable":true,"href":"https:\/\/eva.sundstrom.st\/index.php?rest_route=%2Fwp%2Fv2%2Fcomments&post=23"}],"version-history":[{"count":0,"href":"https:\/\/eva.sundstrom.st\/index.php?rest_route=\/wp\/v2\/posts\/23\/revisions"}],"wp:attachment":[{"href":"https:\/\/eva.sundstrom.st\/index.php?rest_route=%2Fwp%2Fv2%2Fmedia&parent=23"}],"wp:term":[{"taxonomy":"category","embeddable":true,"href":"https:\/\/eva.sundstrom.st\/index.php?rest_route=%2Fwp%2Fv2%2Fcategories&post=23"},{"taxonomy":"post_tag","embeddable":true,"href":"https:\/\/eva.sundstrom.st\/index.php?rest_route=%2Fwp%2Fv2%2Ftags&post=23"}],"curies":[{"name":"wp","href":"https:\/\/api.w.org\/{rel}","templated":true}]}}