{"id":230,"date":"2007-08-13T07:58:57","date_gmt":"2007-08-13T06:58:57","guid":{"rendered":"http:\/\/www.eva.sundstrom.st\/?p=230"},"modified":"2007-08-13T10:28:46","modified_gmt":"2007-08-13T09:28:46","slug":"lite-somn","status":"publish","type":"post","link":"https:\/\/eva.sundstrom.st\/?p=230","title":{"rendered":"Lite s"},"content":{"rendered":"<p>Vissa n\u00e4tter \u00e4r det f\u00f6r bedr\u00f6vligt.<br \/>\nMan \u00e4r s\u00e5 tr\u00f6tt och bara l\u00e4ngtar efter att f\u00e5 krypa ner i s\u00e4ngen och sova, sova&#8230;&#8230;..<br \/>\nIngen s\u00f6mn. Fram med boken och l\u00e4s n\u00e5gra sidor s\u00e5 vill \u00f6gonen falla igen.<br \/>\nBort med boken, av med glas\u00f6gonen och sl\u00e4ck lampan och nu. <\/p>\n<p>Ingen s\u00f6mn. <\/p>\n<p>B\u00f6rja om fr\u00e5n b\u00f6rjan.<\/p>\n<p>Till slut sover man en timme eller tv\u00e5. F\u00f6r varmt, rena bastun jo f\u00f6nstret \u00e4r \u00f6ppet men vad hj\u00e4lper det. Nej jag har inget t\u00e4cket men det hj\u00e4lper inte det heller. Av med lakarnet en stund.<br \/>\nS\u00e5 d\u00e4r, nu somnar jag. Kryper in  under lakarnet igen \u00e5 s\u00e5 sk\u00f6nt ! Kissn\u00f6dig . Upp p\u00e5 toa d\u00e5 s\u00e5 kan jag sova sedan. V\u00e4nda, vrida, ont h\u00e4r ont d\u00e4r. T\u00f6rstig . Allt utom s\u00f6mn. Allt jag vill \u00e4r SOVA.<\/p>\n<p>Ett par timmar i soffh\u00f6rnan med en bok s\u00e5 kan jag s\u00e4tta p\u00e5 morgonkaffet. Detta utan risk att v\u00e4cka gubben alltf\u00f6r tidigt. Han ska ju \u00e4nd\u00e5 stiga upp snart f\u00f6r att g\u00e5 till jobbet.<\/p>\n<p>G\u00f6r ett f\u00f6rs\u00f6k till att somna en stund efter kaffet, Ibland lyckas det, men inte i dag.<br \/>\nS\u00e5 nu har jag suttit h\u00e4r, snart ett par timmar, och l\u00e4st allehanda bloggar och f\u00e5tt ny inspiration.<\/p>\n<p>Finns det m\u00e5nne n\u00e5gon mer, i denna &#8221;\u00f6verhettade&#8221; tillvaro, som k\u00e4nner igen sig?<\/p>\n<p>DET FINNS TREVLIGARE SAKER<br \/>\n\u00e4n s\u00f6mnl\u00f6sa n\u00e4tter.<\/p>\n<p>I g\u00e5r gav sig herr B ut i skogen.<br \/>\nHan kom tillbaka med skogens gula guld<\/p>\n<p><a href='http:\/\/www.eva.sundstrom.st\/wp-content\/upload\/dsc00885.jpg' title='dsc00885.jpg'><img src='http:\/\/www.eva.sundstrom.st\/wp-content\/upload\/dsc00885.jpg' alt='dsc00885.jpg' \/><\/a><\/p>\n<p>Det blir gott att ha i frysen och plocka fram till vintern.<\/p>\n<p>En v\u00e4nda till gjorde han och kom d\u00e5 tillbaka  med n\u00e5gra liter bl\u00e5b\u00e4r.<br \/>\nFick inget kort p\u00e5 dom men idag ska jag ta mig i kragen och koka sylt.<\/p>\n<p>Hum\u00f6ret k\u00e4nns b\u00e4ttre nu n\u00e4r jag f\u00e5tt skriva av mig el\u00e4ndet. Hoppas ni st\u00e5r ut.<br \/>\nMen detta h\u00f6r v\u00e4ll till LIVET delen.<\/p>\n<p>God morgon p\u00e5 er alla. Ha en bra dag.<\/p>\n","protected":false},"excerpt":{"rendered":"<p>Vissa n\u00e4tter \u00e4r det f\u00f6r bedr\u00f6vligt. Man \u00e4r s\u00e5 tr\u00f6tt och bara l\u00e4ngtar efter att f\u00e5 krypa ner i s\u00e4ngen och sova, sova&#8230;&#8230;.. Ingen s\u00f6mn. Fram med boken och l\u00e4s n\u00e5gra sidor s\u00e5 vill \u00f6gonen falla igen. Bort med boken, av med glas\u00f6gonen och sl\u00e4ck lampan och nu. Ingen s\u00f6mn. B\u00f6rja om fr\u00e5n b\u00f6rjan. Till [&hellip;]<\/p>\n","protected":false},"author":1,"featured_media":0,"comment_status":"open","ping_status":"open","sticky":false,"template":"","format":"standard","meta":{"footnotes":""},"categories":[1],"tags":[],"class_list":["post-230","post","type-post","status-publish","format-standard","hentry","category-uncategorized"],"_links":{"self":[{"href":"https:\/\/eva.sundstrom.st\/index.php?rest_route=\/wp\/v2\/posts\/230","targetHints":{"allow":["GET"]}}],"collection":[{"href":"https:\/\/eva.sundstrom.st\/index.php?rest_route=\/wp\/v2\/posts"}],"about":[{"href":"https:\/\/eva.sundstrom.st\/index.php?rest_route=\/wp\/v2\/types\/post"}],"author":[{"embeddable":true,"href":"https:\/\/eva.sundstrom.st\/index.php?rest_route=\/wp\/v2\/users\/1"}],"replies":[{"embeddable":true,"href":"https:\/\/eva.sundstrom.st\/index.php?rest_route=%2Fwp%2Fv2%2Fcomments&post=230"}],"version-history":[{"count":0,"href":"https:\/\/eva.sundstrom.st\/index.php?rest_route=\/wp\/v2\/posts\/230\/revisions"}],"wp:attachment":[{"href":"https:\/\/eva.sundstrom.st\/index.php?rest_route=%2Fwp%2Fv2%2Fmedia&parent=230"}],"wp:term":[{"taxonomy":"category","embeddable":true,"href":"https:\/\/eva.sundstrom.st\/index.php?rest_route=%2Fwp%2Fv2%2Fcategories&post=230"},{"taxonomy":"post_tag","embeddable":true,"href":"https:\/\/eva.sundstrom.st\/index.php?rest_route=%2Fwp%2Fv2%2Ftags&post=230"}],"curies":[{"name":"wp","href":"https:\/\/api.w.org\/{rel}","templated":true}]}}