{"id":232,"date":"2007-08-14T16:36:41","date_gmt":"2007-08-14T15:36:41","guid":{"rendered":"http:\/\/www.eva.sundstrom.st\/?p=232"},"modified":"2007-08-14T16:36:42","modified_gmt":"2007-08-14T15:36:42","slug":"shopping","status":"publish","type":"post","link":"https:\/\/eva.sundstrom.st\/?p=232","title":{"rendered":"Shopping"},"content":{"rendered":"<p>S\u00e5 har vi, yngste sonen och jag, varit till k\u00f6pcentret Marieberg.<br \/>\nD\u00e4r byggs och \u00e4ndras f\u00f6r fullt.<\/p>\n<p>Skulle k\u00f6pa en sak p\u00e5 IKEA, sonen f\u00f6redrog El-giganten. Det \u00e4r nog v\u00e4ldigt l\u00e4ngesedan jag var p\u00e5 IKEA f\u00f6r jag k\u00e4nde inte als igen mig. Tyckte allt var omflyttat och sv\u00e5rt att hitta.<\/p>\n<p>Vi fick iallafll tag p\u00e5 det mesta vi skulle ha och det gick f\u00f6rv\u00e5nansv\u00e4rt l\u00e4tt.<br \/>\nLite nya tr\u00f6jor och skor beh\u00f6vs f\u00f6r det nya l\u00e4s\u00e5ret.<\/p>\n<p>Vad hittade jag d\u00e4r bland alla skor. Jo ett par som faktist var nedsatt pris p\u00e5.<br \/>\nEtt par som k\u00e4nns j\u00e4ttesk\u00f6na och som jag hoppas blir bra p\u00e5 jobbet.<\/p>\n<p><a href='http:\/\/www.eva.sundstrom.st\/wp-content\/upload\/dsc00896.jpg' title='dsc00896.jpg'><img src='http:\/\/www.eva.sundstrom.st\/wp-content\/upload\/dsc00896.jpg' alt='dsc00896.jpg' \/><\/a><\/p>\n<p>Jag vet. tycker inte heller att dom \u00e4r n\u00e5gra sk\u00f6nheter precis.<br \/>\nDen hemska gr\u00f6na f\u00e4rgen!<br \/>\nMen som sagt dom k\u00e4nns bra p\u00e5 foten och s\u00e5 slipper man sparka s\u00f6nder t\u00e5naglarna n\u00e4r man g\u00e5r emot s\u00e4ngar och rullstolar.<\/p>\n<p>En annan sak jag blev v\u00e4ldigt glad f\u00f6r \u00e4r att mina dhalior har b\u00f6rjat blomma.<\/p>\n<p><a href='http:\/\/www.eva.sundstrom.st\/wp-content\/upload\/dsc00886.jpg' title='dsc00886.jpg'><img src='http:\/\/www.eva.sundstrom.st\/wp-content\/upload\/dsc00886.jpg' alt='dsc00886.jpg' \/><\/a><\/p>\n<p>Vi h\u00f6rs.<\/p>\n","protected":false},"excerpt":{"rendered":"<p>S\u00e5 har vi, yngste sonen och jag, varit till k\u00f6pcentret Marieberg. D\u00e4r byggs och \u00e4ndras f\u00f6r fullt. Skulle k\u00f6pa en sak p\u00e5 IKEA, sonen f\u00f6redrog El-giganten. Det \u00e4r nog v\u00e4ldigt l\u00e4ngesedan jag var p\u00e5 IKEA f\u00f6r jag k\u00e4nde inte als igen mig. Tyckte allt var omflyttat och sv\u00e5rt att hitta. Vi fick iallafll tag p\u00e5 [&hellip;]<\/p>\n","protected":false},"author":1,"featured_media":0,"comment_status":"open","ping_status":"open","sticky":false,"template":"","format":"standard","meta":{"footnotes":""},"categories":[1],"tags":[],"class_list":["post-232","post","type-post","status-publish","format-standard","hentry","category-uncategorized"],"_links":{"self":[{"href":"https:\/\/eva.sundstrom.st\/index.php?rest_route=\/wp\/v2\/posts\/232","targetHints":{"allow":["GET"]}}],"collection":[{"href":"https:\/\/eva.sundstrom.st\/index.php?rest_route=\/wp\/v2\/posts"}],"about":[{"href":"https:\/\/eva.sundstrom.st\/index.php?rest_route=\/wp\/v2\/types\/post"}],"author":[{"embeddable":true,"href":"https:\/\/eva.sundstrom.st\/index.php?rest_route=\/wp\/v2\/users\/1"}],"replies":[{"embeddable":true,"href":"https:\/\/eva.sundstrom.st\/index.php?rest_route=%2Fwp%2Fv2%2Fcomments&post=232"}],"version-history":[{"count":0,"href":"https:\/\/eva.sundstrom.st\/index.php?rest_route=\/wp\/v2\/posts\/232\/revisions"}],"wp:attachment":[{"href":"https:\/\/eva.sundstrom.st\/index.php?rest_route=%2Fwp%2Fv2%2Fmedia&parent=232"}],"wp:term":[{"taxonomy":"category","embeddable":true,"href":"https:\/\/eva.sundstrom.st\/index.php?rest_route=%2Fwp%2Fv2%2Fcategories&post=232"},{"taxonomy":"post_tag","embeddable":true,"href":"https:\/\/eva.sundstrom.st\/index.php?rest_route=%2Fwp%2Fv2%2Ftags&post=232"}],"curies":[{"name":"wp","href":"https:\/\/api.w.org\/{rel}","templated":true}]}}