{"id":2355,"date":"2010-07-11T13:05:26","date_gmt":"2010-07-11T12:05:26","guid":{"rendered":"http:\/\/www.eva.sundstrom.st\/?p=2355"},"modified":"2010-07-11T13:05:26","modified_gmt":"2010-07-11T12:05:26","slug":"just-i-dag","status":"publish","type":"post","link":"https:\/\/eva.sundstrom.st\/?p=2355","title":{"rendered":"Just i dag"},"content":{"rendered":"<p>\u00e4r vi sams alla tre.  \ud83d\ude09<br \/>\n(kamera,dator,jag)<\/p>\n<p><img loading=\"lazy\" decoding=\"async\" src=\"http:\/\/www.eva.sundstrom.st\/wp-content\/upload\/dsc06385.jpg\" alt=\"dsc06385\" title=\"dsc06385\" width=\"450\" height=\"286\" class=\"aligncenter size-full wp-image-2357\" srcset=\"https:\/\/eva.sundstrom.st\/wp-content\/upload\/dsc06385.jpg 450w, https:\/\/eva.sundstrom.st\/wp-content\/upload\/dsc06385-300x190.jpg 300w\" sizes=\"auto, (max-width: 450px) 100vw, 450px\" \/><\/p>\n<p>Har fortfarande inte v\u00e5gat ta upp stickningen mer \u00e4n att jag k\u00e4nt efter lite hur det k\u00e4nns. <\/p>\n<p>Klippte ner  vissna blommor i fredags och b\u00f6rjade r\u00f6ja upp i v\u00e4xthuset. Genast b\u00f6rjade handleden tjura. B\u00e4st att ta det lugnt.<br \/>\n Spunnit lite mera garn \u00e4r det hantverk jag \u00e4gnat mig \u00e5t n\u00e4r abstinensbesv\u00e4ren blivit f\u00f6r sv\u00e5ra.<\/p>\n<p>Jag VILL sticka p\u00e5 min kofta f\u00f6r att se om det blir n\u00e5got som  jag verkligen kan anv\u00e4nda.<\/p>\n<p>Jag VILL sticka f\u00e4rdigt sm\u00e5barnskoftor som \u00e4r p\u00e5 G.<\/p>\n<p>Jag VILL prova sticka n\u00e5got av mitt egenh\u00e4ndigt spunna garn.<\/p>\n<p>Kommer tid kommer r\u00e5d. Bara att tagga ner och gilla l\u00e4get.<br \/>\nHa en fin s\u00f6ndagseftermiddag i sommarv\u00e4rmen.<\/p>\n","protected":false},"excerpt":{"rendered":"<p>\u00e4r vi sams alla tre. \ud83d\ude09 (kamera,dator,jag) Har fortfarande inte v\u00e5gat ta upp stickningen mer \u00e4n att jag k\u00e4nt efter lite hur det k\u00e4nns. Klippte ner vissna blommor i fredags och b\u00f6rjade r\u00f6ja upp i v\u00e4xthuset. Genast b\u00f6rjade handleden tjura. B\u00e4st att ta det lugnt. Spunnit lite mera garn \u00e4r det hantverk jag \u00e4gnat mig [&hellip;]<\/p>\n","protected":false},"author":1,"featured_media":0,"comment_status":"open","ping_status":"open","sticky":false,"template":"","format":"standard","meta":{"footnotes":""},"categories":[1],"tags":[],"class_list":["post-2355","post","type-post","status-publish","format-standard","hentry","category-uncategorized"],"_links":{"self":[{"href":"https:\/\/eva.sundstrom.st\/index.php?rest_route=\/wp\/v2\/posts\/2355","targetHints":{"allow":["GET"]}}],"collection":[{"href":"https:\/\/eva.sundstrom.st\/index.php?rest_route=\/wp\/v2\/posts"}],"about":[{"href":"https:\/\/eva.sundstrom.st\/index.php?rest_route=\/wp\/v2\/types\/post"}],"author":[{"embeddable":true,"href":"https:\/\/eva.sundstrom.st\/index.php?rest_route=\/wp\/v2\/users\/1"}],"replies":[{"embeddable":true,"href":"https:\/\/eva.sundstrom.st\/index.php?rest_route=%2Fwp%2Fv2%2Fcomments&post=2355"}],"version-history":[{"count":4,"href":"https:\/\/eva.sundstrom.st\/index.php?rest_route=\/wp\/v2\/posts\/2355\/revisions"}],"predecessor-version":[{"id":2360,"href":"https:\/\/eva.sundstrom.st\/index.php?rest_route=\/wp\/v2\/posts\/2355\/revisions\/2360"}],"wp:attachment":[{"href":"https:\/\/eva.sundstrom.st\/index.php?rest_route=%2Fwp%2Fv2%2Fmedia&parent=2355"}],"wp:term":[{"taxonomy":"category","embeddable":true,"href":"https:\/\/eva.sundstrom.st\/index.php?rest_route=%2Fwp%2Fv2%2Fcategories&post=2355"},{"taxonomy":"post_tag","embeddable":true,"href":"https:\/\/eva.sundstrom.st\/index.php?rest_route=%2Fwp%2Fv2%2Ftags&post=2355"}],"curies":[{"name":"wp","href":"https:\/\/api.w.org\/{rel}","templated":true}]}}