{"id":2386,"date":"2010-07-29T18:35:28","date_gmt":"2010-07-29T17:35:28","guid":{"rendered":"http:\/\/www.eva.sundstrom.st\/?p=2386"},"modified":"2010-07-29T18:41:33","modified_gmt":"2010-07-29T17:41:33","slug":"lagesrapport","status":"publish","type":"post","link":"https:\/\/eva.sundstrom.st\/?p=2386","title":{"rendered":"L\u00e4gesrapport"},"content":{"rendered":"<p>H\u00e4r regnar det i dag.<br \/>\nEtt regn som verkligen beh\u00f6vs. Skulle det nu vara s\u00e5 att ni saknar solen skickar jag n\u00e5gra fr\u00e5n tr\u00e4dg\u00e5rden som ni kan titta p\u00e5 s\u00e5 l\u00e4nge.<\/p>\n<p><a href=\"http:\/\/www.eva.sundstrom.st\/wp-content\/upload\/DSC06477.jpg\"><img loading=\"lazy\" decoding=\"async\" src=\"http:\/\/www.eva.sundstrom.st\/wp-content\/upload\/DSC06477.jpg\" alt=\"\" title=\"DSC06477\" width=\"460\" height=\"345\" class=\"aligncenter size-full wp-image-2388\" srcset=\"https:\/\/eva.sundstrom.st\/wp-content\/upload\/DSC06477.jpg 460w, https:\/\/eva.sundstrom.st\/wp-content\/upload\/DSC06477-300x225.jpg 300w\" sizes=\"auto, (max-width: 460px) 100vw, 460px\" \/><\/a><\/p>\n<p>Solen som v\u00e4rmer kommer s\u00e4kert tillbaka.<br \/>\nHar haft en dryg veckas semester. Ingen koll p\u00e5 dagar. Det har k\u00e4nts som f\u00f6rsta fredags kv\u00e4llen hela veckan. I g\u00e5r hade jag l\u00f6rdag \ud83d\ude09  <\/p>\n<p>Huset har varit fullt av hundar och ungar. Hundarna hann jag liksom aldrig med att f\u00e5 p\u00e5 bild.<br \/>\nSom mest var h\u00e4r tre hundar, sju vuxna och en liten goding<\/p>\n<p><a href=\"http:\/\/www.eva.sundstrom.st\/wp-content\/upload\/DSC06473.jpg\"><img loading=\"lazy\" decoding=\"async\" src=\"http:\/\/www.eva.sundstrom.st\/wp-content\/upload\/DSC06473.jpg\" alt=\"\" title=\"DSC06473\" width=\"460\" height=\"345\" class=\"aligncenter size-full wp-image-2391\" srcset=\"https:\/\/eva.sundstrom.st\/wp-content\/upload\/DSC06473.jpg 460w, https:\/\/eva.sundstrom.st\/wp-content\/upload\/DSC06473-300x225.jpg 300w\" sizes=\"auto, (max-width: 460px) 100vw, 460px\" \/><\/a><\/p>\n<p>Han fastnade p\u00e5 m\u00e5nga bilder vill jag lova. <\/p>\n<p>Stickningen ligger fortfarande lite l\u00e5gt. Kommer att dr\u00f6ja innan n\u00e5got blir klart och kan visas upp.<\/p>\n<p>Ute i rabatten har n\u00e5gra liljor slagit ut. Har s\u00e4kert visat dom f\u00f6rra \u00e5ret och f\u00f6rra men h\u00e4r kommer dom igen<\/p>\n<p><a href=\"http:\/\/www.eva.sundstrom.st\/wp-content\/upload\/DSC06483.jpg\"><img loading=\"lazy\" decoding=\"async\" src=\"http:\/\/www.eva.sundstrom.st\/wp-content\/upload\/DSC06483.jpg\" alt=\"\" title=\"DSC06483\" width=\"460\" height=\"345\" class=\"aligncenter size-full wp-image-2389\" srcset=\"https:\/\/eva.sundstrom.st\/wp-content\/upload\/DSC06483.jpg 460w, https:\/\/eva.sundstrom.st\/wp-content\/upload\/DSC06483-300x225.jpg 300w\" sizes=\"auto, (max-width: 460px) 100vw, 460px\" \/><\/a><\/p>\n<p><a href=\"http:\/\/www.eva.sundstrom.st\/wp-content\/upload\/DSC06479.jpg\"><img loading=\"lazy\" decoding=\"async\" src=\"http:\/\/www.eva.sundstrom.st\/wp-content\/upload\/DSC06479.jpg\" alt=\"\" title=\"DSC06479\" width=\"460\" height=\"345\" class=\"aligncenter size-full wp-image-2392\" srcset=\"https:\/\/eva.sundstrom.st\/wp-content\/upload\/DSC06479.jpg 460w, https:\/\/eva.sundstrom.st\/wp-content\/upload\/DSC06479-300x225.jpg 300w\" sizes=\"auto, (max-width: 460px) 100vw, 460px\" \/><\/a><br \/>\nOch s\u00e5 till sist min \u00e4lskade klematis. Den har blommat s\u00e5 det riktigt knakar.<\/p>\n<p><a href=\"http:\/\/www.eva.sundstrom.st\/wp-content\/upload\/DSC06486.jpg\"><img loading=\"lazy\" decoding=\"async\" src=\"http:\/\/www.eva.sundstrom.st\/wp-content\/upload\/DSC06486.jpg\" alt=\"\" title=\"DSC06486\" width=\"345\" height=\"460\" class=\"aligncenter size-full wp-image-2390\" srcset=\"https:\/\/eva.sundstrom.st\/wp-content\/upload\/DSC06486.jpg 345w, https:\/\/eva.sundstrom.st\/wp-content\/upload\/DSC06486-225x300.jpg 225w\" sizes=\"auto, (max-width: 345px) 100vw, 345px\" \/><\/a><\/p>\n<p>Den v\u00e4xer alldeles utanf\u00f6r v\u00e4xthuset och g\u00f6r mig s\u00e5 glad.<\/p>\n<p>\u00d6nskar var och en som l\u00e4ser detta en riktigt bra forts\u00e4ttning p\u00e5 sommaren.<br \/>\nFr\u00e5n datorn och spotify str\u00f6mmar nu Marble Halls med Enya. Lugn och sk\u00f6n musik.<br \/>\nLev v\u00e4l och ha det gott<\/p>\n","protected":false},"excerpt":{"rendered":"<p>H\u00e4r regnar det i dag. Ett regn som verkligen beh\u00f6vs. Skulle det nu vara s\u00e5 att ni saknar solen skickar jag n\u00e5gra fr\u00e5n tr\u00e4dg\u00e5rden som ni kan titta p\u00e5 s\u00e5 l\u00e4nge. Solen som v\u00e4rmer kommer s\u00e4kert tillbaka. Har haft en dryg veckas semester. Ingen koll p\u00e5 dagar. Det har k\u00e4nts som f\u00f6rsta fredags kv\u00e4llen hela [&hellip;]<\/p>\n","protected":false},"author":1,"featured_media":0,"comment_status":"open","ping_status":"open","sticky":false,"template":"","format":"standard","meta":{"footnotes":""},"categories":[4,9,12,10],"tags":[],"class_list":["post-2386","post","type-post","status-publish","format-standard","hentry","category-allmant","category-livet","category-tradgard","category-vader"],"_links":{"self":[{"href":"https:\/\/eva.sundstrom.st\/index.php?rest_route=\/wp\/v2\/posts\/2386","targetHints":{"allow":["GET"]}}],"collection":[{"href":"https:\/\/eva.sundstrom.st\/index.php?rest_route=\/wp\/v2\/posts"}],"about":[{"href":"https:\/\/eva.sundstrom.st\/index.php?rest_route=\/wp\/v2\/types\/post"}],"author":[{"embeddable":true,"href":"https:\/\/eva.sundstrom.st\/index.php?rest_route=\/wp\/v2\/users\/1"}],"replies":[{"embeddable":true,"href":"https:\/\/eva.sundstrom.st\/index.php?rest_route=%2Fwp%2Fv2%2Fcomments&post=2386"}],"version-history":[{"count":6,"href":"https:\/\/eva.sundstrom.st\/index.php?rest_route=\/wp\/v2\/posts\/2386\/revisions"}],"predecessor-version":[{"id":2396,"href":"https:\/\/eva.sundstrom.st\/index.php?rest_route=\/wp\/v2\/posts\/2386\/revisions\/2396"}],"wp:attachment":[{"href":"https:\/\/eva.sundstrom.st\/index.php?rest_route=%2Fwp%2Fv2%2Fmedia&parent=2386"}],"wp:term":[{"taxonomy":"category","embeddable":true,"href":"https:\/\/eva.sundstrom.st\/index.php?rest_route=%2Fwp%2Fv2%2Fcategories&post=2386"},{"taxonomy":"post_tag","embeddable":true,"href":"https:\/\/eva.sundstrom.st\/index.php?rest_route=%2Fwp%2Fv2%2Ftags&post=2386"}],"curies":[{"name":"wp","href":"https:\/\/api.w.org\/{rel}","templated":true}]}}