{"id":2398,"date":"2010-08-01T15:20:21","date_gmt":"2010-08-01T14:20:21","guid":{"rendered":"http:\/\/www.eva.sundstrom.st\/?p=2398"},"modified":"2010-08-01T15:20:21","modified_gmt":"2010-08-01T14:20:21","slug":"hembygdsdag","status":"publish","type":"post","link":"https:\/\/eva.sundstrom.st\/?p=2398","title":{"rendered":"Hembygdsdag"},"content":{"rendered":"<p>H\u00e4r i Finner\u00f6dja \u00e4r det hembygdsdag i dag. Den firas vid hembygdsg\u00e5rden som jag ju skrivit om tidigare i samband med  <a href=\"http:\/\/www.eva.sundstrom.st\/?p=2001\">Bygdedag<\/a>.<\/p>\n<p>N\u00e5gra \u00e5r har jag varit med i bagarstugan och s\u00e5 \u00e4ven i \u00e5r.<\/p>\n<p>H\u00e4r sl\u00e5s tv\u00e5liters degar f\u00f6r hand.<\/p>\n<p><a href=\"http:\/\/www.eva.sundstrom.st\/wp-content\/upload\/DSC06502.jpg\"><img loading=\"lazy\" decoding=\"async\" src=\"http:\/\/www.eva.sundstrom.st\/wp-content\/upload\/DSC06502.jpg\" alt=\"\" title=\"DSC06502\" width=\"460\" height=\"345\" class=\"aligncenter size-full wp-image-2400\" srcset=\"https:\/\/eva.sundstrom.st\/wp-content\/upload\/DSC06502.jpg 460w, https:\/\/eva.sundstrom.st\/wp-content\/upload\/DSC06502-300x225.jpg 300w\" sizes=\"auto, (max-width: 460px) 100vw, 460px\" \/><\/a> <\/p>\n<p>Tv\u00e5 stycken st\u00e5r bredvid varandra och bakar ut br\u00f6dkakor<\/p>\n<p><a href=\"http:\/\/www.eva.sundstrom.st\/wp-content\/upload\/DSC06492.jpg\"><img loading=\"lazy\" decoding=\"async\" src=\"http:\/\/www.eva.sundstrom.st\/wp-content\/upload\/DSC06492.jpg\" alt=\"\" title=\"DSC06492\" width=\"460\" height=\"345\" class=\"aligncenter size-full wp-image-2402\" srcset=\"https:\/\/eva.sundstrom.st\/wp-content\/upload\/DSC06492.jpg 460w, https:\/\/eva.sundstrom.st\/wp-content\/upload\/DSC06492-300x225.jpg 300w\" sizes=\"auto, (max-width: 460px) 100vw, 460px\" \/><\/a><\/p>\n<p>Det \u00e4r h\u00e4r jag  bidrager med arbetskraft.<br \/>\nCa. tv\u00e5 timmar vid bakbordet kan ge mellan 40-50 br\u00f6dkakor per bagerska. Beror lite p\u00e5 hur stor efterfr\u00e5gan man f\u00f6rv\u00e4ntar sig. I b\u00f6rjan p\u00e5 dagen brukar vi k\u00f6ra f\u00f6r h\u00f6gtryck eftersom det \u00e4ven s\u00e4ljs kaffe med sm\u00f6rg\u00e5s av nybakt br\u00f6d.<br \/>\nDet \u00e4r mj\u00f6ligt, VARMT, och svettigt men gemytligt och roligt.<\/p>\n<p>Den som gr\u00e4ddar fick jag inget kort p\u00e5. Han var i r\u00f6relse hela tiden och det blev s\u00e5 suddigt.<br \/>\nEtt par kakor i ugnen blev skapligt bra s\u00e5 det f\u00e5r komma med.<\/p>\n<p><a href=\"http:\/\/www.eva.sundstrom.st\/wp-content\/upload\/DSC06500.jpg\"><img loading=\"lazy\" decoding=\"async\" src=\"http:\/\/www.eva.sundstrom.st\/wp-content\/upload\/DSC06500.jpg\" alt=\"\" title=\"DSC06500\" width=\"460\" height=\"345\" class=\"aligncenter size-full wp-image-2401\" srcset=\"https:\/\/eva.sundstrom.st\/wp-content\/upload\/DSC06500.jpg 460w, https:\/\/eva.sundstrom.st\/wp-content\/upload\/DSC06500-300x225.jpg 300w\" sizes=\"auto, (max-width: 460px) 100vw, 460px\" \/><\/a><\/p>\n<p>H\u00e4lsningar fr\u00e5n ett regnigt Finner\u00f6dja.<\/p>\n","protected":false},"excerpt":{"rendered":"<p>H\u00e4r i Finner\u00f6dja \u00e4r det hembygdsdag i dag. Den firas vid hembygdsg\u00e5rden som jag ju skrivit om tidigare i samband med Bygdedag. N\u00e5gra \u00e5r har jag varit med i bagarstugan och s\u00e5 \u00e4ven i \u00e5r. H\u00e4r sl\u00e5s tv\u00e5liters degar f\u00f6r hand. Tv\u00e5 stycken st\u00e5r bredvid varandra och bakar ut br\u00f6dkakor Det \u00e4r h\u00e4r jag bidrager [&hellip;]<\/p>\n","protected":false},"author":1,"featured_media":0,"comment_status":"open","ping_status":"open","sticky":false,"template":"","format":"standard","meta":{"footnotes":""},"categories":[4,10],"tags":[],"class_list":["post-2398","post","type-post","status-publish","format-standard","hentry","category-allmant","category-vader"],"_links":{"self":[{"href":"https:\/\/eva.sundstrom.st\/index.php?rest_route=\/wp\/v2\/posts\/2398","targetHints":{"allow":["GET"]}}],"collection":[{"href":"https:\/\/eva.sundstrom.st\/index.php?rest_route=\/wp\/v2\/posts"}],"about":[{"href":"https:\/\/eva.sundstrom.st\/index.php?rest_route=\/wp\/v2\/types\/post"}],"author":[{"embeddable":true,"href":"https:\/\/eva.sundstrom.st\/index.php?rest_route=\/wp\/v2\/users\/1"}],"replies":[{"embeddable":true,"href":"https:\/\/eva.sundstrom.st\/index.php?rest_route=%2Fwp%2Fv2%2Fcomments&post=2398"}],"version-history":[{"count":5,"href":"https:\/\/eva.sundstrom.st\/index.php?rest_route=\/wp\/v2\/posts\/2398\/revisions"}],"predecessor-version":[{"id":2406,"href":"https:\/\/eva.sundstrom.st\/index.php?rest_route=\/wp\/v2\/posts\/2398\/revisions\/2406"}],"wp:attachment":[{"href":"https:\/\/eva.sundstrom.st\/index.php?rest_route=%2Fwp%2Fv2%2Fmedia&parent=2398"}],"wp:term":[{"taxonomy":"category","embeddable":true,"href":"https:\/\/eva.sundstrom.st\/index.php?rest_route=%2Fwp%2Fv2%2Fcategories&post=2398"},{"taxonomy":"post_tag","embeddable":true,"href":"https:\/\/eva.sundstrom.st\/index.php?rest_route=%2Fwp%2Fv2%2Ftags&post=2398"}],"curies":[{"name":"wp","href":"https:\/\/api.w.org\/{rel}","templated":true}]}}