{"id":2408,"date":"2010-08-03T17:40:24","date_gmt":"2010-08-03T16:40:24","guid":{"rendered":"http:\/\/www.eva.sundstrom.st\/?p=2408"},"modified":"2010-08-03T17:40:24","modified_gmt":"2010-08-03T16:40:24","slug":"det-som-goms-i-sno-kommer-upp-i-to","status":"publish","type":"post","link":"https:\/\/eva.sundstrom.st\/?p=2408","title":{"rendered":"Det som g\u00f6ms i sn\u00f6, kommer upp i t\u00f6"},"content":{"rendered":"<p>Det som g\u00f6ms l\u00e4ngst in i garderoben kommer fram vid r\u00f6jning.<br \/>\nN\u00e4r jag fick den d\u00e4r el\u00e4ndes inflammationen Morbus de Quervain fick jag ju inte sticka. Nu har jag b\u00f6rjat lite sm\u00e5tt men \u00e4r inte sugen p\u00e5 att forts\u00e4tta d\u00e4r jag slutade.<br \/>\nDet jag d\u00e5 tyckte var mest roligt \u00e4r inget intressant l\u00e4ngre. <\/p>\n<p>I  dag hade jag best\u00e4mt mig f\u00f6r att forts\u00e4tta st\u00e4da och r\u00f6ja i min kl\u00e4dgarderob. Har en upps\u00e4ttning tr\u00e5dkorgar d\u00e4r och dom tog jag i g\u00e5r. En o annan tr\u00f6ja hamnade i insamlingskasse.<\/p>\n<p>I dag var det alla kl\u00e4der p\u00e5 galgar och allt som fanns p\u00e5 golvet som skulle g\u00e5s igenom. <\/p>\n<p>Ut p\u00e5 altanen med alltihop och vad hittar jag v\u00e4ll d\u00e4r, ja vad hittar jag v\u00e4ll d\u00e4r.<br \/>\nL\u00e4ngst in finner jag en korg med en p\u00e5b\u00f6rjad Vattensjal.  <\/p>\n<p>N\u00e4r kan det ha varit den &#8221;kal&#8221; stickningen b\u00f6rjade?<\/p>\n<p>Jag kom nu ih\u00e5g att n\u00e4r jag stoppade undan den var det n\u00e5got som inte st\u00e4mde och som jag tragglat med fram o tillbaka.<br \/>\n B\u00f6rjade kolla lite och vipps var d\u00e4r inget fel. Nu k\u00e4nns det roligt att sticka p\u00e5 den ett tag igen. Lovar inte p\u00e5 n\u00e5got vis att den blir klar den h\u00e4r omg\u00e5ngen heller men en liten bit n\u00e4rmare m\u00e5let ska den v\u00e4ll komma.<\/p>\n<p>M\u00e5 gott<\/p>\n","protected":false},"excerpt":{"rendered":"<p>Det som g\u00f6ms l\u00e4ngst in i garderoben kommer fram vid r\u00f6jning. N\u00e4r jag fick den d\u00e4r el\u00e4ndes inflammationen Morbus de Quervain fick jag ju inte sticka. Nu har jag b\u00f6rjat lite sm\u00e5tt men \u00e4r inte sugen p\u00e5 att forts\u00e4tta d\u00e4r jag slutade. Det jag d\u00e5 tyckte var mest roligt \u00e4r inget intressant l\u00e4ngre. I dag [&hellip;]<\/p>\n","protected":false},"author":1,"featured_media":0,"comment_status":"open","ping_status":"open","sticky":false,"template":"","format":"standard","meta":{"footnotes":""},"categories":[4,5],"tags":[],"class_list":["post-2408","post","type-post","status-publish","format-standard","hentry","category-allmant","category-fran-garnlagret"],"_links":{"self":[{"href":"https:\/\/eva.sundstrom.st\/index.php?rest_route=\/wp\/v2\/posts\/2408","targetHints":{"allow":["GET"]}}],"collection":[{"href":"https:\/\/eva.sundstrom.st\/index.php?rest_route=\/wp\/v2\/posts"}],"about":[{"href":"https:\/\/eva.sundstrom.st\/index.php?rest_route=\/wp\/v2\/types\/post"}],"author":[{"embeddable":true,"href":"https:\/\/eva.sundstrom.st\/index.php?rest_route=\/wp\/v2\/users\/1"}],"replies":[{"embeddable":true,"href":"https:\/\/eva.sundstrom.st\/index.php?rest_route=%2Fwp%2Fv2%2Fcomments&post=2408"}],"version-history":[{"count":4,"href":"https:\/\/eva.sundstrom.st\/index.php?rest_route=\/wp\/v2\/posts\/2408\/revisions"}],"predecessor-version":[{"id":2412,"href":"https:\/\/eva.sundstrom.st\/index.php?rest_route=\/wp\/v2\/posts\/2408\/revisions\/2412"}],"wp:attachment":[{"href":"https:\/\/eva.sundstrom.st\/index.php?rest_route=%2Fwp%2Fv2%2Fmedia&parent=2408"}],"wp:term":[{"taxonomy":"category","embeddable":true,"href":"https:\/\/eva.sundstrom.st\/index.php?rest_route=%2Fwp%2Fv2%2Fcategories&post=2408"},{"taxonomy":"post_tag","embeddable":true,"href":"https:\/\/eva.sundstrom.st\/index.php?rest_route=%2Fwp%2Fv2%2Ftags&post=2408"}],"curies":[{"name":"wp","href":"https:\/\/api.w.org\/{rel}","templated":true}]}}